{"id":10949,"date":"2022-03-27T14:10:09","date_gmt":"2022-03-27T13:10:09","guid":{"rendered":"https:\/\/karo.iwasz.pl\/blog\/?p=10949"},"modified":"2024-09-04T13:39:32","modified_gmt":"2024-09-04T12:39:32","slug":"tego-dnia","status":"publish","type":"post","link":"https:\/\/karo.iwasz.pl\/blog\/?p=10949","title":{"rendered":"tego dnia"},"content":{"rendered":"<p style=\"text-align: justify;\">24 lutego w W-wie by\u0142a bardzo \u0142adna pogoda, ju\u017c prawie wiosenna, jak to zim\u0105 w czasach katastrofy klimatycznej. Wsta\u0142am wcze\u015bnie, bo o 9.30 mia\u0142am by\u0107 w Instytucie. Na rowerze to mniej wi\u0119cej godzina drogi. By\u0142o naprawd\u0119 przyjemnie. \u015awieci\u0142o s\u0142o\u0144ce, akurat usta\u0142y orkany, oswoi\u0142am si\u0119 z tym, \u017ce ojciec umar\u0142 od picia, pi\u0105ta fala pandemii powoli zaczyna\u0142a opada\u0107, cho\u0107 w zamian pojawi\u0142a si\u0119, co prawda, w\u015bcieklizna. Przed wej\u015bciem na izb\u0119 przyj\u0119\u0107 sta\u0142 pomara\u0144czowy namiot, w koszu na \u015bmieci migota\u0142a folia NRC. Wiadomo\u015bci sprawdzi\u0142am pod gabinetem. Zacz\u0119\u0142o si\u0119, pisali.<\/p>\n","protected":false},"excerpt":{"rendered":"<p>24 lutego w W-wie by\u0142a bardzo \u0142adna pogoda, ju\u017c prawie wiosenna, jak to zim\u0105 w czasach katastrofy klimatycznej. Wsta\u0142am wcze\u015bnie, bo o 9.30 mia\u0142am by\u0107 w Instytucie. Na rowerze to mniej wi\u0119cej godzina drogi. By\u0142o naprawd\u0119 przyjemnie. \u015awieci\u0142o s\u0142o\u0144ce, akurat usta\u0142y orkany, oswoi\u0142am si\u0119 z tym, \u017ce ojciec umar\u0142 od picia, pi\u0105ta fala pandemii powoli [&hellip;]<\/p>\n","protected":false},"author":1,"featured_media":0,"comment_status":"open","ping_status":"open","sticky":false,"template":"","format":"standard","meta":{"jetpack_post_was_ever_published":false,"_jetpack_newsletter_access":"","_jetpack_dont_email_post_to_subs":false,"_jetpack_newsletter_tier_id":0,"_jetpack_memberships_contains_paywalled_content":false,"_jetpack_memberships_contains_paid_content":false,"footnotes":""},"categories":[4],"tags":[123,46,12,72,39],"class_list":["post-10949","post","type-post","status-publish","format-standard","hentry","category-wszystko-inne","tag-polityka","tag-rozpad-i-rozklad","tag-smierc","tag-smutek","tag-zlo"],"jetpack_featured_media_url":"","jetpack_sharing_enabled":true,"_links":{"self":[{"href":"https:\/\/karo.iwasz.pl\/blog\/index.php?rest_route=\/wp\/v2\/posts\/10949","targetHints":{"allow":["GET"]}}],"collection":[{"href":"https:\/\/karo.iwasz.pl\/blog\/index.php?rest_route=\/wp\/v2\/posts"}],"about":[{"href":"https:\/\/karo.iwasz.pl\/blog\/index.php?rest_route=\/wp\/v2\/types\/post"}],"author":[{"embeddable":true,"href":"https:\/\/karo.iwasz.pl\/blog\/index.php?rest_route=\/wp\/v2\/users\/1"}],"replies":[{"embeddable":true,"href":"https:\/\/karo.iwasz.pl\/blog\/index.php?rest_route=%2Fwp%2Fv2%2Fcomments&post=10949"}],"version-history":[{"count":12,"href":"https:\/\/karo.iwasz.pl\/blog\/index.php?rest_route=\/wp\/v2\/posts\/10949\/revisions"}],"predecessor-version":[{"id":11366,"href":"https:\/\/karo.iwasz.pl\/blog\/index.php?rest_route=\/wp\/v2\/posts\/10949\/revisions\/11366"}],"wp:attachment":[{"href":"https:\/\/karo.iwasz.pl\/blog\/index.php?rest_route=%2Fwp%2Fv2%2Fmedia&parent=10949"}],"wp:term":[{"taxonomy":"category","embeddable":true,"href":"https:\/\/karo.iwasz.pl\/blog\/index.php?rest_route=%2Fwp%2Fv2%2Fcategories&post=10949"},{"taxonomy":"post_tag","embeddable":true,"href":"https:\/\/karo.iwasz.pl\/blog\/index.php?rest_route=%2Fwp%2Fv2%2Ftags&post=10949"}],"curies":[{"name":"wp","href":"https:\/\/api.w.org\/{rel}","templated":true}]}}