{"id":11027,"date":"2022-08-13T13:30:02","date_gmt":"2022-08-13T12:30:02","guid":{"rendered":"https:\/\/karo.iwasz.pl\/blog\/?p=11027"},"modified":"2024-09-03T15:55:08","modified_gmt":"2024-09-03T14:55:08","slug":"synogarlica","status":"publish","type":"post","link":"https:\/\/karo.iwasz.pl\/blog\/?p=11027","title":{"rendered":"synogarlica"},"content":{"rendered":"\n<p><\/p>\n\n\n\n<p><\/p>\n\n\n\n<p>pi\u0105ta nad ranem<br>pi\u0105ta nad ranem<br>nad<\/p>\n\n\n\n<p>budz\u0119 si\u0119 nagle<br>budz\u0119 si\u0119 nagle<br>bu!<\/p>\n\n\n\n<p>to nie samoch\u00f3d<br>to nie huk huty<br>huk<\/p>\n\n\n\n<p>kto\u015b nawo\u0142uje<br>brzmi jak piosenka<br>jak<\/p>\n\n\n\n<p>jagody gody<br>ja gody gody<br>ja<\/p>\n\n\n\n<p>nowy dzie\u0144 wstaje<br>nowy dzie\u0144 wstaje<br>dzie\u0144<\/p>\n\n\n\n<p><\/p>\n\n\n\n<p>siedz\u0119 i s\u0142ucham<br>czekam i s\u0142ysz\u0119<br>tak<\/p>\n\n\n\n<p>chod\u017a no tu do mnie<br>chod\u017a no tu do mnie<br>chod\u017a<\/p>\n\n\n\n<p>Pluszka si\u0119 budzi<br>patrzy i pyta<br>\u2013 czy<\/p>\n\n\n\n<p>wszystko w porz\u0105dku?<br>czy co\u015b si\u0119 sta\u0142o?<br>co<\/p>\n\n\n\n<p>\u2013 pos\u0142uchaj teraz<br>czy te\u017c to s\u0142yszysz<br>czy<\/p>\n\n\n\n<p>wiesz co to za ptak?<\/p>\n\n\n\n<p>\u2013 to go\u0142\u0105b \u2013 m\u00f3wi \u2013<br>synogarlica<br>\u2013 tak?<\/p>\n\n\n\n<p>licz\u0119 na palcach<br>chc\u0119 zapami\u0119ta\u0107<br>raz<\/p>\n\n\n\n<p>raz dwa trzy raz dwa<br>raz dwa trzy raz dwa<br>raz<\/p>\n\n\n\n<p><\/p>\n\n\n\n<figure class=\"wp-block-audio\"><audio controls src=\"https:\/\/karo.iwasz.pl\/blog\/wp-content\/uploads\/2022\/08\/synogarlica.mp3\"><\/audio><\/figure>\n\n\n\n<p><\/p>\n","protected":false},"excerpt":{"rendered":"<p>pi\u0105ta nad ranempi\u0105ta nad ranemnad budz\u0119 si\u0119 naglebudz\u0119 si\u0119 naglebu! to nie samoch\u00f3dto nie huk hutyhuk kto\u015b nawo\u0142ujebrzmi jak piosenkajak jagody godyja gody godyja nowy dzie\u0144 wstajenowy dzie\u0144 wstajedzie\u0144 siedz\u0119 i s\u0142uchamczekam i s\u0142ysz\u0119tak chod\u017a no tu do mniechod\u017a no tu do mniechod\u017a Pluszka si\u0119 budzipatrzy i pyta\u2013 czy wszystko w porz\u0105dku?czy co\u015b si\u0119 sta\u0142o?co [&hellip;]<\/p>\n","protected":false},"author":1,"featured_media":0,"comment_status":"open","ping_status":"open","sticky":false,"template":"","format":"standard","meta":{"jetpack_post_was_ever_published":false,"_jetpack_newsletter_access":"","_jetpack_dont_email_post_to_subs":false,"_jetpack_newsletter_tier_id":0,"_jetpack_memberships_contains_paywalled_content":false,"_jetpack_memberships_contains_paid_content":false,"footnotes":""},"categories":[4],"tags":[70,115],"class_list":["post-11027","post","type-post","status-publish","format-standard","hentry","category-wszystko-inne","tag-jezyki-obce-i-nie","tag-muzyka"],"jetpack_featured_media_url":"","jetpack_sharing_enabled":true,"_links":{"self":[{"href":"https:\/\/karo.iwasz.pl\/blog\/index.php?rest_route=\/wp\/v2\/posts\/11027","targetHints":{"allow":["GET"]}}],"collection":[{"href":"https:\/\/karo.iwasz.pl\/blog\/index.php?rest_route=\/wp\/v2\/posts"}],"about":[{"href":"https:\/\/karo.iwasz.pl\/blog\/index.php?rest_route=\/wp\/v2\/types\/post"}],"author":[{"embeddable":true,"href":"https:\/\/karo.iwasz.pl\/blog\/index.php?rest_route=\/wp\/v2\/users\/1"}],"replies":[{"embeddable":true,"href":"https:\/\/karo.iwasz.pl\/blog\/index.php?rest_route=%2Fwp%2Fv2%2Fcomments&post=11027"}],"version-history":[{"count":13,"href":"https:\/\/karo.iwasz.pl\/blog\/index.php?rest_route=\/wp\/v2\/posts\/11027\/revisions"}],"predecessor-version":[{"id":11127,"href":"https:\/\/karo.iwasz.pl\/blog\/index.php?rest_route=\/wp\/v2\/posts\/11027\/revisions\/11127"}],"wp:attachment":[{"href":"https:\/\/karo.iwasz.pl\/blog\/index.php?rest_route=%2Fwp%2Fv2%2Fmedia&parent=11027"}],"wp:term":[{"taxonomy":"category","embeddable":true,"href":"https:\/\/karo.iwasz.pl\/blog\/index.php?rest_route=%2Fwp%2Fv2%2Fcategories&post=11027"},{"taxonomy":"post_tag","embeddable":true,"href":"https:\/\/karo.iwasz.pl\/blog\/index.php?rest_route=%2Fwp%2Fv2%2Ftags&post=11027"}],"curies":[{"name":"wp","href":"https:\/\/api.w.org\/{rel}","templated":true}]}}