{"id":1159,"date":"2010-10-24T20:17:37","date_gmt":"2010-10-24T19:17:37","guid":{"rendered":"http:\/\/karo.iwasz.pl\/blog\/?p=1159"},"modified":"2017-02-11T14:13:57","modified_gmt":"2017-02-11T13:13:57","slug":"jadles-cos","status":"publish","type":"post","link":"https:\/\/karo.iwasz.pl\/blog\/?p=1159","title":{"rendered":"jad\u0142e\u015b co\u015b?"},"content":{"rendered":"<p style=\"text-align: justify;\">\u015ani\u0142o mi si\u0119, \u017ce mia\u0142am dziecko, bardzo ma\u0142e, parodniowe. Kt\u00f3rego\u015b wieczora zorientowa\u0142am si\u0119, \u017ce chyba przez ca\u0142y dzie\u0144 nic nie jad\u0142o.<br \/>\n\u2013 Jad\u0142e\u015b co\u015b? \u2013 zapyta\u0142am.<br \/>\n\u2013 Batonika \u2013 odpowiedzia\u0142o, bezb\u0142\u0119dnie wymawiaj\u0105c R.<br \/>\n\u2013 To nie wystarczy.\u00a0 Powiniene\u015b je\u015b\u0107 co najmniej jeden du\u017cy posi\u0142ek dziennie. B\u0119dziesz o&nbsp;tym&nbsp;pami\u0119ta\u0142?<\/p>\n","protected":false},"excerpt":{"rendered":"<p>\u015ani\u0142o mi si\u0119, \u017ce mia\u0142am dziecko, bardzo ma\u0142e, parodniowe. Kt\u00f3rego\u015b wieczora zorientowa\u0142am si\u0119, \u017ce chyba przez ca\u0142y dzie\u0144 nic nie jad\u0142o. \u2013 Jad\u0142e\u015b co\u015b? \u2013 zapyta\u0142am. \u2013 Batonika \u2013 odpowiedzia\u0142o, bezb\u0142\u0119dnie wymawiaj\u0105c R. \u2013 To nie wystarczy.\u00a0 Powiniene\u015b je\u015b\u0107 co najmniej jeden du\u017cy posi\u0142ek dziennie. B\u0119dziesz o&nbsp;tym&nbsp;pami\u0119ta\u0142?<\/p>\n","protected":false},"author":1,"featured_media":0,"comment_status":"open","ping_status":"open","sticky":false,"template":"","format":"standard","meta":{"jetpack_post_was_ever_published":false,"_jetpack_newsletter_access":"","_jetpack_dont_email_post_to_subs":true,"_jetpack_newsletter_tier_id":0,"_jetpack_memberships_contains_paywalled_content":false,"_jetpack_memberships_contains_paid_content":false,"footnotes":""},"categories":[91],"tags":[70,110],"class_list":["post-1159","post","type-post","status-publish","format-standard","hentry","category-sny","tag-jezyki-obce-i-nie","tag-rozmowy-dzieci-z-doroslymi"],"jetpack_featured_media_url":"","jetpack_sharing_enabled":true,"_links":{"self":[{"href":"https:\/\/karo.iwasz.pl\/blog\/index.php?rest_route=\/wp\/v2\/posts\/1159","targetHints":{"allow":["GET"]}}],"collection":[{"href":"https:\/\/karo.iwasz.pl\/blog\/index.php?rest_route=\/wp\/v2\/posts"}],"about":[{"href":"https:\/\/karo.iwasz.pl\/blog\/index.php?rest_route=\/wp\/v2\/types\/post"}],"author":[{"embeddable":true,"href":"https:\/\/karo.iwasz.pl\/blog\/index.php?rest_route=\/wp\/v2\/users\/1"}],"replies":[{"embeddable":true,"href":"https:\/\/karo.iwasz.pl\/blog\/index.php?rest_route=%2Fwp%2Fv2%2Fcomments&post=1159"}],"version-history":[{"count":8,"href":"https:\/\/karo.iwasz.pl\/blog\/index.php?rest_route=\/wp\/v2\/posts\/1159\/revisions"}],"predecessor-version":[{"id":9441,"href":"https:\/\/karo.iwasz.pl\/blog\/index.php?rest_route=\/wp\/v2\/posts\/1159\/revisions\/9441"}],"wp:attachment":[{"href":"https:\/\/karo.iwasz.pl\/blog\/index.php?rest_route=%2Fwp%2Fv2%2Fmedia&parent=1159"}],"wp:term":[{"taxonomy":"category","embeddable":true,"href":"https:\/\/karo.iwasz.pl\/blog\/index.php?rest_route=%2Fwp%2Fv2%2Fcategories&post=1159"},{"taxonomy":"post_tag","embeddable":true,"href":"https:\/\/karo.iwasz.pl\/blog\/index.php?rest_route=%2Fwp%2Fv2%2Ftags&post=1159"}],"curies":[{"name":"wp","href":"https:\/\/api.w.org\/{rel}","templated":true}]}}