{"id":2136,"date":"2011-04-17T21:00:43","date_gmt":"2011-04-17T20:00:43","guid":{"rendered":"http:\/\/karo.iwasz.pl\/blog\/?p=2136"},"modified":"2024-09-03T19:45:35","modified_gmt":"2024-09-03T18:45:35","slug":"ikar","status":"publish","type":"post","link":"https:\/\/karo.iwasz.pl\/blog\/?p=2136","title":{"rendered":"Ikar"},"content":{"rendered":"<p style=\"text-align: justify;\">\u2013\u00a0Nie le\u0107, synu, za blisko s\u0142o\u0144ca, by nie staja\u0142 wosk od jego \u017caru \u2013 powiedzia\u0142 Dedal, przypinaj\u0105c Ikarowi skrzyd\u0142a. \u2013 I nie le\u0107 za blisko morza, by pi\u00f3ra nie nasi\u0105kn\u0119\u0142y wod\u0105*.<br \/>\n\u2013 Ojcze \u2013 Ikar si\u0119 za\u015bmia\u0142, bo pi\u00f3ra \u0142askota\u0142y go w szyj\u0119 \u2013 jeste\u015b znakomitym rze\u017abiarzem i&nbsp;jeszcze lepszym projektantem labirynt\u00f3w, jeste\u015b pomys\u0142owym wynalazc\u0105 i wspania\u0142ym konstruktorem sztucznych kr\u00f3w \u2013 (przy krowach Dedal troch\u0119 si\u0119 skrzywi\u0142) \u2013 ale przyrodnik z\u00a0ciebie \u017caden.<br \/>\n\u2013 O, doprawdy? \u2013 zdziwi\u0142 si\u0119 Dedal drwi\u0105co, ale pob\u0142a\u017cliwie, bo lubi\u0142 swojego syna.<br \/>\n\u2013 Czy\u017cby\u015b nie wiedzia\u0142, \u017ce im bli\u017cej s\u0142o\u0144ca, tym zimniej? \u2013 zapyta\u0142 Ikar i nie czekaj\u0105c na odpowied\u017a, odbi\u0142 si\u0119 od ziemi, by po chwili znikn\u0105\u0107 w przestworzach.<\/p>\n<p style=\"text-align: justify;\">Na wysoko\u015bci 1700 metr\u00f3w jego serce zacz\u0119\u0142o wali\u0107 jak oszala\u0142e. Na wysoko\u015bci 1800 metr\u00f3w zrobi\u0142o mu si\u0119 niedobrze. Na wysoko\u015bci 2000 metr\u00f3w zacz\u0119\u0142o kr\u0119ci\u0107 mu si\u0119 w g\u0142owie. Na wysoko\u015bci 2300 metr\u00f3w zemdla\u0142 i run\u0105\u0142 do morza.<\/p>\n<p style=\"text-align: justify;\">* Za Wand\u0105 Markowsk\u0105.<\/p>\n","protected":false},"excerpt":{"rendered":"<p>\u2013\u00a0Nie le\u0107, synu, za blisko s\u0142o\u0144ca, by nie staja\u0142 wosk od jego \u017caru \u2013 powiedzia\u0142 Dedal, przypinaj\u0105c Ikarowi skrzyd\u0142a. \u2013 I nie le\u0107 za blisko morza, by pi\u00f3ra nie nasi\u0105kn\u0119\u0142y wod\u0105*. \u2013 Ojcze \u2013 Ikar si\u0119 za\u015bmia\u0142, bo pi\u00f3ra \u0142askota\u0142y go w szyj\u0119 \u2013 jeste\u015b znakomitym rze\u017abiarzem i&nbsp;jeszcze lepszym projektantem labirynt\u00f3w, jeste\u015b pomys\u0142owym wynalazc\u0105 i [&hellip;]<\/p>\n","protected":false},"author":1,"featured_media":0,"comment_status":"open","ping_status":"open","sticky":false,"template":"","format":"standard","meta":{"jetpack_post_was_ever_published":false,"_jetpack_newsletter_access":"","_jetpack_dont_email_post_to_subs":true,"_jetpack_newsletter_tier_id":0,"_jetpack_memberships_contains_paywalled_content":false,"_jetpack_memberships_contains_paid_content":false,"footnotes":""},"categories":[4],"tags":[96,65,105,92,46,12,72],"class_list":["post-2136","post","type-post","status-publish","format-standard","hentry","category-wszystko-inne","tag-dobre-maniery","tag-filozofia","tag-ksiazki","tag-nauki-przyrodnicze","tag-rozpad-i-rozklad","tag-smierc","tag-smutek"],"jetpack_featured_media_url":"","jetpack_sharing_enabled":true,"_links":{"self":[{"href":"https:\/\/karo.iwasz.pl\/blog\/index.php?rest_route=\/wp\/v2\/posts\/2136","targetHints":{"allow":["GET"]}}],"collection":[{"href":"https:\/\/karo.iwasz.pl\/blog\/index.php?rest_route=\/wp\/v2\/posts"}],"about":[{"href":"https:\/\/karo.iwasz.pl\/blog\/index.php?rest_route=\/wp\/v2\/types\/post"}],"author":[{"embeddable":true,"href":"https:\/\/karo.iwasz.pl\/blog\/index.php?rest_route=\/wp\/v2\/users\/1"}],"replies":[{"embeddable":true,"href":"https:\/\/karo.iwasz.pl\/blog\/index.php?rest_route=%2Fwp%2Fv2%2Fcomments&post=2136"}],"version-history":[{"count":37,"href":"https:\/\/karo.iwasz.pl\/blog\/index.php?rest_route=\/wp\/v2\/posts\/2136\/revisions"}],"predecessor-version":[{"id":11155,"href":"https:\/\/karo.iwasz.pl\/blog\/index.php?rest_route=\/wp\/v2\/posts\/2136\/revisions\/11155"}],"wp:attachment":[{"href":"https:\/\/karo.iwasz.pl\/blog\/index.php?rest_route=%2Fwp%2Fv2%2Fmedia&parent=2136"}],"wp:term":[{"taxonomy":"category","embeddable":true,"href":"https:\/\/karo.iwasz.pl\/blog\/index.php?rest_route=%2Fwp%2Fv2%2Fcategories&post=2136"},{"taxonomy":"post_tag","embeddable":true,"href":"https:\/\/karo.iwasz.pl\/blog\/index.php?rest_route=%2Fwp%2Fv2%2Ftags&post=2136"}],"curies":[{"name":"wp","href":"https:\/\/api.w.org\/{rel}","templated":true}]}}