{"id":2373,"date":"2011-05-16T20:22:35","date_gmt":"2011-05-16T19:22:35","guid":{"rendered":"http:\/\/karo.iwasz.pl\/blog\/?p=2373"},"modified":"2020-10-22T22:04:56","modified_gmt":"2020-10-22T21:04:56","slug":"woda-swiecona","status":"publish","type":"post","link":"https:\/\/karo.iwasz.pl\/blog\/?p=2373","title":{"rendered":"woda \u015bwi\u0119cona"},"content":{"rendered":"<p style=\"text-align: justify;\">W p-skim ko\u015bciele nawet latem by\u0142o ch\u0142odno. W przedsionku pachnia\u0142o kamieniem, panowa\u0142 p\u00f3\u0142mrok. W s\u0142oneczne dni po wej\u015bciu na chwil\u0119 si\u0119 \u015blep\u0142o. Kropielnic\u0119 wype\u0142nia\u0142a m\u0119tna zielonkawa woda. Rodzice zanurzali w niej palce i \u017cegnali si\u0119. Ja robi\u0142am to samo, tylko \u017ce lew\u0105 r\u0119k\u0105, bo jestem lewor\u0119czna. Kiedy zwracali mi uwag\u0119, m\u00f3wi\u0142am, \u017ce Bozi jest chyba wszystko jedno. Woda \u015bwi\u0119cona dziwnie pachnia\u0142a, nie lubi\u0142am, kiedy \u015bcieka\u0142a mi po czole. D\u0142ugo by\u0142am przekonana, \u017ce tym w\u0142a\u015bnie r\u00f3\u017cni si\u0119 od zwyk\u0142ej wody, \u017ce jest zielonkawa, m\u0119tna i dziwnie pachnie.<\/p>\n","protected":false},"excerpt":{"rendered":"<p>W p-skim ko\u015bciele nawet latem by\u0142o ch\u0142odno. W przedsionku pachnia\u0142o kamieniem, panowa\u0142 p\u00f3\u0142mrok. W s\u0142oneczne dni po wej\u015bciu na chwil\u0119 si\u0119 \u015blep\u0142o. Kropielnic\u0119 wype\u0142nia\u0142a m\u0119tna zielonkawa woda. Rodzice zanurzali w niej palce i \u017cegnali si\u0119. Ja robi\u0142am to samo, tylko \u017ce lew\u0105 r\u0119k\u0105, bo jestem lewor\u0119czna. Kiedy zwracali mi uwag\u0119, m\u00f3wi\u0142am, \u017ce Bozi jest chyba [&hellip;]<\/p>\n","protected":false},"author":1,"featured_media":0,"comment_status":"open","ping_status":"open","sticky":false,"template":"","format":"standard","meta":{"jetpack_post_was_ever_published":false,"_jetpack_newsletter_access":"","_jetpack_dont_email_post_to_subs":false,"_jetpack_newsletter_tier_id":0,"_jetpack_memberships_contains_paywalled_content":false,"_jetpack_memberships_contains_paid_content":false,"footnotes":""},"categories":[4],"tags":[93,110,62],"class_list":["post-2373","post","type-post","status-publish","format-standard","hentry","category-wszystko-inne","tag-religia","tag-rozmowy-dzieci-z-doroslymi","tag-z-dziecinstwa"],"jetpack_featured_media_url":"","jetpack_sharing_enabled":true,"_links":{"self":[{"href":"https:\/\/karo.iwasz.pl\/blog\/index.php?rest_route=\/wp\/v2\/posts\/2373","targetHints":{"allow":["GET"]}}],"collection":[{"href":"https:\/\/karo.iwasz.pl\/blog\/index.php?rest_route=\/wp\/v2\/posts"}],"about":[{"href":"https:\/\/karo.iwasz.pl\/blog\/index.php?rest_route=\/wp\/v2\/types\/post"}],"author":[{"embeddable":true,"href":"https:\/\/karo.iwasz.pl\/blog\/index.php?rest_route=\/wp\/v2\/users\/1"}],"replies":[{"embeddable":true,"href":"https:\/\/karo.iwasz.pl\/blog\/index.php?rest_route=%2Fwp%2Fv2%2Fcomments&post=2373"}],"version-history":[{"count":6,"href":"https:\/\/karo.iwasz.pl\/blog\/index.php?rest_route=\/wp\/v2\/posts\/2373\/revisions"}],"predecessor-version":[{"id":9948,"href":"https:\/\/karo.iwasz.pl\/blog\/index.php?rest_route=\/wp\/v2\/posts\/2373\/revisions\/9948"}],"wp:attachment":[{"href":"https:\/\/karo.iwasz.pl\/blog\/index.php?rest_route=%2Fwp%2Fv2%2Fmedia&parent=2373"}],"wp:term":[{"taxonomy":"category","embeddable":true,"href":"https:\/\/karo.iwasz.pl\/blog\/index.php?rest_route=%2Fwp%2Fv2%2Fcategories&post=2373"},{"taxonomy":"post_tag","embeddable":true,"href":"https:\/\/karo.iwasz.pl\/blog\/index.php?rest_route=%2Fwp%2Fv2%2Ftags&post=2373"}],"curies":[{"name":"wp","href":"https:\/\/api.w.org\/{rel}","templated":true}]}}