{"id":2401,"date":"2011-05-31T23:04:04","date_gmt":"2011-05-31T22:04:04","guid":{"rendered":"http:\/\/karo.iwasz.pl\/blog\/?p=2401"},"modified":"2024-09-03T21:57:20","modified_gmt":"2024-09-03T20:57:20","slug":"walizka","status":"publish","type":"post","link":"https:\/\/karo.iwasz.pl\/blog\/?p=2401","title":{"rendered":"walizka"},"content":{"rendered":"<p style=\"text-align: justify;\">Par\u0119 lat temu babcia Ka podarowa\u0142a mi walizk\u0119. Mimo to jeszcze d\u0142ugo na s\u0142u\u017cbowe wyjazdy pakowa\u0142am si\u0119 do starego plecaka. Po piaszczystych p-skich poboczach nie da\u0142oby si\u0119 ci\u0105gn\u0105\u0107 walizki na k\u00f3\u0142kach. Zacz\u0119\u0142am jej u\u017cywa\u0107 dopiero po przeprowadzce do W-wy.<br \/>\nWalizka ha\u0142asuje, turkocze na kostce brukowej, na schodach ruchomych wydaje charakterystyczny wizg, ludzie si\u0119 ogl\u0105daj\u0105. Wymusza specyficzn\u0105 postaw\u0119, sztywn\u0105 i&nbsp;wyprostowan\u0105. Pod obstrza\u0142em spojrze\u0144 trzeba uwa\u017ca\u0107, \u017ceby nie wypa\u015b\u0107 z roli, nie straci\u0107 powagi. Z walizk\u0105 czuj\u0119 si\u0119 inna.<\/p>\n<p style=\"text-align: justify;\">Par\u0119 lat temu kolega z pracy dosta\u0142 od \u017cony walizk\u0119 bardzo podobn\u0105 do mojej. Przedtem u\u017cywa\u0142 du\u017cej torby na rami\u0119 i twierdzi\u0142, \u017ce z walizk\u0105 wygl\u0105da\u0142by \u015bmiesznie, ale szybko si\u0119 przyzwyczai\u0142.<br \/>\nPo jakim\u015b czasie zauwa\u017cy\u0142am, \u017ce walizka kolegi zacz\u0119\u0142a wydawa\u0107 dziwne d\u017awi\u0119ki. Zgrzyta\u0142a, piszcza\u0142a, j\u0119cza\u0142a, jakby mia\u0142a si\u0119 zaraz rozpa\u015b\u0107.<br \/>\n\u2013 Co si\u0119 z ni\u0105 dzieje? &#8211; zapyta\u0142am.<br \/>\n\u2013 Nie wiem. Co\u015b si\u0119 chyba psuje.<\/p>\n<p style=\"text-align: justify;\">\u2013 Wiesz \u2013 powiedzia\u0142 tydzie\u0144 p\u00f3\u017aniej \u2013 przeczyta\u0142em instrukcj\u0119 obs\u0142ugi.<br \/>\n\u2013 O, i co?<br \/>\n\u2013 Dowiedzia\u0142em si\u0119, \u017ce po trzydziestu trzech kilometrach odpadn\u0105 mi k\u00f3\u0142ka.<\/p>\n","protected":false},"excerpt":{"rendered":"<p>Par\u0119 lat temu babcia Ka podarowa\u0142a mi walizk\u0119. Mimo to jeszcze d\u0142ugo na s\u0142u\u017cbowe wyjazdy pakowa\u0142am si\u0119 do starego plecaka. Po piaszczystych p-skich poboczach nie da\u0142oby si\u0119 ci\u0105gn\u0105\u0107 walizki na k\u00f3\u0142kach. Zacz\u0119\u0142am jej u\u017cywa\u0107 dopiero po przeprowadzce do W-wy. Walizka ha\u0142asuje, turkocze na kostce brukowej, na schodach ruchomych wydaje charakterystyczny wizg, ludzie si\u0119 ogl\u0105daj\u0105. Wymusza [&hellip;]<\/p>\n","protected":false},"author":1,"featured_media":0,"comment_status":"open","ping_status":"open","sticky":false,"template":"","format":"standard","meta":{"jetpack_post_was_ever_published":false,"_jetpack_newsletter_access":"","_jetpack_dont_email_post_to_subs":false,"_jetpack_newsletter_tier_id":0,"_jetpack_memberships_contains_paywalled_content":false,"_jetpack_memberships_contains_paid_content":false,"footnotes":""},"categories":[4],"tags":[],"class_list":["post-2401","post","type-post","status-publish","format-standard","hentry","category-wszystko-inne"],"jetpack_featured_media_url":"","jetpack_sharing_enabled":true,"_links":{"self":[{"href":"https:\/\/karo.iwasz.pl\/blog\/index.php?rest_route=\/wp\/v2\/posts\/2401","targetHints":{"allow":["GET"]}}],"collection":[{"href":"https:\/\/karo.iwasz.pl\/blog\/index.php?rest_route=\/wp\/v2\/posts"}],"about":[{"href":"https:\/\/karo.iwasz.pl\/blog\/index.php?rest_route=\/wp\/v2\/types\/post"}],"author":[{"embeddable":true,"href":"https:\/\/karo.iwasz.pl\/blog\/index.php?rest_route=\/wp\/v2\/users\/1"}],"replies":[{"embeddable":true,"href":"https:\/\/karo.iwasz.pl\/blog\/index.php?rest_route=%2Fwp%2Fv2%2Fcomments&post=2401"}],"version-history":[{"count":16,"href":"https:\/\/karo.iwasz.pl\/blog\/index.php?rest_route=\/wp\/v2\/posts\/2401\/revisions"}],"predecessor-version":[{"id":11336,"href":"https:\/\/karo.iwasz.pl\/blog\/index.php?rest_route=\/wp\/v2\/posts\/2401\/revisions\/11336"}],"wp:attachment":[{"href":"https:\/\/karo.iwasz.pl\/blog\/index.php?rest_route=%2Fwp%2Fv2%2Fmedia&parent=2401"}],"wp:term":[{"taxonomy":"category","embeddable":true,"href":"https:\/\/karo.iwasz.pl\/blog\/index.php?rest_route=%2Fwp%2Fv2%2Fcategories&post=2401"},{"taxonomy":"post_tag","embeddable":true,"href":"https:\/\/karo.iwasz.pl\/blog\/index.php?rest_route=%2Fwp%2Fv2%2Ftags&post=2401"}],"curies":[{"name":"wp","href":"https:\/\/api.w.org\/{rel}","templated":true}]}}