{"id":2674,"date":"2011-07-05T16:59:14","date_gmt":"2011-07-05T15:59:14","guid":{"rendered":"http:\/\/karo.iwasz.pl\/blog\/?p=2674"},"modified":"2011-07-05T17:47:09","modified_gmt":"2011-07-05T16:47:09","slug":"dwa-slonca","status":"publish","type":"post","link":"https:\/\/karo.iwasz.pl\/blog\/?p=2674","title":{"rendered":"dwa s\u0142o\u0144ca"},"content":{"rendered":"<p style=\"text-align: justify;\">Jest ko\u0142o czwartej, id\u0119 ulic\u0105, na chodniku przed sob\u0105 widz\u0119 sw\u00f3j cie\u0144. A w\u0142a\u015bciwie dwa, na\u0142o\u017cone jeden na drugi, z nieznacznym przesuni\u0119ciem, jakby za moimi plecami \u015bwieci\u0142y dwa s\u0142o\u0144ca.<br \/>\nNie, zaraz, s\u0142o\u0144ce jest jedno. Mo\u017ce co\u015b z\u0142ego dzieje si\u0119 z moimi oczami. Czy inni widz\u0105 to samo, co ja? Patrz\u0119 na cie\u0144 m\u0119\u017cczyzny przechodz\u0105cego obok. Te\u017c jest podw\u00f3jny. Co za ulga.<\/p>\n","protected":false},"excerpt":{"rendered":"<p>Jest ko\u0142o czwartej, id\u0119 ulic\u0105, na chodniku przed sob\u0105 widz\u0119 sw\u00f3j cie\u0144. A w\u0142a\u015bciwie dwa, na\u0142o\u017cone jeden na drugi, z nieznacznym przesuni\u0119ciem, jakby za moimi plecami \u015bwieci\u0142y dwa s\u0142o\u0144ca. Nie, zaraz, s\u0142o\u0144ce jest jedno. Mo\u017ce co\u015b z\u0142ego dzieje si\u0119 z moimi oczami. Czy inni widz\u0105 to samo, co ja? Patrz\u0119 na cie\u0144 m\u0119\u017cczyzny przechodz\u0105cego obok. [&hellip;]<\/p>\n","protected":false},"author":1,"featured_media":0,"comment_status":"open","ping_status":"open","sticky":false,"template":"","format":"standard","meta":{"jetpack_post_was_ever_published":false,"_jetpack_newsletter_access":"","_jetpack_dont_email_post_to_subs":false,"_jetpack_newsletter_tier_id":0,"_jetpack_memberships_contains_paywalled_content":false,"_jetpack_memberships_contains_paid_content":false,"footnotes":""},"categories":[4],"tags":[65,92,39],"class_list":["post-2674","post","type-post","status-publish","format-standard","hentry","category-wszystko-inne","tag-filozofia","tag-nauki-przyrodnicze","tag-zlo"],"jetpack_featured_media_url":"","jetpack_sharing_enabled":true,"_links":{"self":[{"href":"https:\/\/karo.iwasz.pl\/blog\/index.php?rest_route=\/wp\/v2\/posts\/2674","targetHints":{"allow":["GET"]}}],"collection":[{"href":"https:\/\/karo.iwasz.pl\/blog\/index.php?rest_route=\/wp\/v2\/posts"}],"about":[{"href":"https:\/\/karo.iwasz.pl\/blog\/index.php?rest_route=\/wp\/v2\/types\/post"}],"author":[{"embeddable":true,"href":"https:\/\/karo.iwasz.pl\/blog\/index.php?rest_route=\/wp\/v2\/users\/1"}],"replies":[{"embeddable":true,"href":"https:\/\/karo.iwasz.pl\/blog\/index.php?rest_route=%2Fwp%2Fv2%2Fcomments&post=2674"}],"version-history":[{"count":9,"href":"https:\/\/karo.iwasz.pl\/blog\/index.php?rest_route=\/wp\/v2\/posts\/2674\/revisions"}],"predecessor-version":[{"id":2683,"href":"https:\/\/karo.iwasz.pl\/blog\/index.php?rest_route=\/wp\/v2\/posts\/2674\/revisions\/2683"}],"wp:attachment":[{"href":"https:\/\/karo.iwasz.pl\/blog\/index.php?rest_route=%2Fwp%2Fv2%2Fmedia&parent=2674"}],"wp:term":[{"taxonomy":"category","embeddable":true,"href":"https:\/\/karo.iwasz.pl\/blog\/index.php?rest_route=%2Fwp%2Fv2%2Fcategories&post=2674"},{"taxonomy":"post_tag","embeddable":true,"href":"https:\/\/karo.iwasz.pl\/blog\/index.php?rest_route=%2Fwp%2Fv2%2Ftags&post=2674"}],"curies":[{"name":"wp","href":"https:\/\/api.w.org\/{rel}","templated":true}]}}