{"id":2722,"date":"2011-07-22T21:03:59","date_gmt":"2011-07-22T20:03:59","guid":{"rendered":"http:\/\/karo.iwasz.pl\/blog\/?p=2722"},"modified":"2017-02-10T22:48:58","modified_gmt":"2017-02-10T21:48:58","slug":"lalusia-dzidzia","status":"publish","type":"post","link":"https:\/\/karo.iwasz.pl\/blog\/?p=2722","title":{"rendered":"lalusia dzidzia"},"content":{"rendered":"<p style=\"text-align: justify;\">Wi\u0119kszo\u015b\u0107 pami\u0105tek z mojego najwcze\u015bniejszego dzieci\u0144stwa przechowuje mama. W\u00a0zacinaj\u0105cej si\u0119 szufladzie szafy z owalnym lustrem trzyma bia\u0142e ogrodniczki, kt\u00f3re mia\u0142am na sobie podczas chrztu, b\u0142\u0119kitn\u0105 sukienk\u0119, w kt\u00f3r\u0105 by\u0142am ubrana, kiedy tu\u017c obok mnie uderzy\u0142 piorun, skarpetki, kt\u00f3re zak\u0142adano mi wieczorem na d\u0142onie, \u017cebym w nocy nie obgryza\u0142a paznokci, i strz\u0119py kocyka \u201ei\u201d, bez kt\u00f3rego nie potrafi\u0142am zasn\u0105\u0107.<br \/>\nJa raczej nie lubi\u0119 gromadzi\u0107 rzeczy. Z\u00a0pami\u0105tek z\u00a0dzieci\u0144stwa przechowuj\u0119 tylko sfatygowany egzemplarz <em>Czarnej jamy<\/em> z\u00a0ilustracjami Stasysa Eidrigevi\u010diusa, pogryzion\u0105 grzechotk\u0119 w\u00a0kszta\u0142cie obr\u0119czy i \u2013 zawini\u0119t\u0105 w foliow\u0105 siatk\u0119 i\u00a0materia\u0142owy worek \u2013 lalusi\u0119 dzidzi\u0119.<\/p>\n<p><a href=\"https:\/\/i0.wp.com\/karo.iwasz.pl\/blog\/wp-content\/uploads\/2011\/07\/lalusia1.jpg\"><img data-recalc-dims=\"1\" decoding=\"async\" class=\"justify size-full wp-image-2723\" src=\"https:\/\/i0.wp.com\/karo.iwasz.pl\/blog\/wp-content\/uploads\/2011\/07\/lalusia1.jpg?w=243\" alt=\"lalusia1\"   srcset=\"https:\/\/i0.wp.com\/karo.iwasz.pl\/blog\/wp-content\/uploads\/2011\/07\/lalusia1.jpg?w=240&amp;ssl=1 240w, https:\/\/i0.wp.com\/karo.iwasz.pl\/blog\/wp-content\/uploads\/2011\/07\/lalusia1.jpg?resize=225%2C300&amp;ssl=1 225w\" sizes=\"(max-width: 240px) 100vw, 240px\" \/><\/a> <a href=\"https:\/\/i0.wp.com\/karo.iwasz.pl\/blog\/wp-content\/uploads\/2011\/07\/lalusia2.jpg\"><img data-recalc-dims=\"1\" decoding=\"async\" class=\"justify size-full wp-image-2724\" src=\"https:\/\/i0.wp.com\/karo.iwasz.pl\/blog\/wp-content\/uploads\/2011\/07\/lalusia2.jpg?w=243\" alt=\"lalusia2\"   srcset=\"https:\/\/i0.wp.com\/karo.iwasz.pl\/blog\/wp-content\/uploads\/2011\/07\/lalusia2.jpg?w=240&amp;ssl=1 240w, https:\/\/i0.wp.com\/karo.iwasz.pl\/blog\/wp-content\/uploads\/2011\/07\/lalusia2.jpg?resize=225%2C300&amp;ssl=1 225w\" sizes=\"(max-width: 240px) 100vw, 240px\" \/> <\/a> <a href=\"https:\/\/i0.wp.com\/karo.iwasz.pl\/blog\/wp-content\/uploads\/2011\/07\/lalusia3.jpg\"><img data-recalc-dims=\"1\" decoding=\"async\" class=\"justify size-full wp-image-2725\" src=\"https:\/\/i0.wp.com\/karo.iwasz.pl\/blog\/wp-content\/uploads\/2011\/07\/lalusia3.jpg?w=243\" alt=\"lalusia3\"   srcset=\"https:\/\/i0.wp.com\/karo.iwasz.pl\/blog\/wp-content\/uploads\/2011\/07\/lalusia3.jpg?w=240&amp;ssl=1 240w, https:\/\/i0.wp.com\/karo.iwasz.pl\/blog\/wp-content\/uploads\/2011\/07\/lalusia3.jpg?resize=225%2C300&amp;ssl=1 225w\" sizes=\"(max-width: 240px) 100vw, 240px\" \/><\/a><\/p>\n<p style=\"text-align: justify;\">Podobno bardzo j\u0105 kocha\u0142am. Nawet kiedy wygl\u0105da\u0142a ju\u017c mniej wi\u0119cej tak, jak na zdj\u0119ciach.\u00a0I\u00a0podobno kt\u00f3rego\u015b razu mama w przyst\u0119pie niekontrolowanej z\u0142o\u015bci wyrwa\u0142a lalusi\u0119 dzidzi\u0119 z moich obj\u0119\u0107, cisn\u0119\u0142a ni\u0105 o ziemi\u0119 i krzykn\u0119\u0142a:<br \/>\n\u2013 To nie jest \u017cadna lalusia dzidzia, tylko wstr\u0119tna stara kuk\u0142a!<\/p>\n","protected":false},"excerpt":{"rendered":"<p>Wi\u0119kszo\u015b\u0107 pami\u0105tek z mojego najwcze\u015bniejszego dzieci\u0144stwa przechowuje mama. W\u00a0zacinaj\u0105cej si\u0119 szufladzie szafy z owalnym lustrem trzyma bia\u0142e ogrodniczki, kt\u00f3re mia\u0142am na sobie podczas chrztu, b\u0142\u0119kitn\u0105 sukienk\u0119, w kt\u00f3r\u0105 by\u0142am ubrana, kiedy tu\u017c obok mnie uderzy\u0142 piorun, skarpetki, kt\u00f3re zak\u0142adano mi wieczorem na d\u0142onie, \u017cebym w nocy nie obgryza\u0142a paznokci, i strz\u0119py kocyka \u201ei\u201d, bez kt\u00f3rego [&hellip;]<\/p>\n","protected":false},"author":1,"featured_media":0,"comment_status":"open","ping_status":"open","sticky":false,"template":"","format":"standard","meta":{"jetpack_post_was_ever_published":false,"_jetpack_newsletter_access":"","_jetpack_dont_email_post_to_subs":true,"_jetpack_newsletter_tier_id":0,"_jetpack_memberships_contains_paywalled_content":false,"_jetpack_memberships_contains_paid_content":false,"footnotes":""},"categories":[4],"tags":[100,110,46,72,58,62,39],"class_list":["post-2722","post","type-post","status-publish","format-standard","hentry","category-wszystko-inne","tag-milosc","tag-rozmowy-dzieci-z-doroslymi","tag-rozpad-i-rozklad","tag-smutek","tag-trudne-slowa","tag-z-dziecinstwa","tag-zlo"],"jetpack_featured_media_url":"","jetpack_sharing_enabled":true,"_links":{"self":[{"href":"https:\/\/karo.iwasz.pl\/blog\/index.php?rest_route=\/wp\/v2\/posts\/2722","targetHints":{"allow":["GET"]}}],"collection":[{"href":"https:\/\/karo.iwasz.pl\/blog\/index.php?rest_route=\/wp\/v2\/posts"}],"about":[{"href":"https:\/\/karo.iwasz.pl\/blog\/index.php?rest_route=\/wp\/v2\/types\/post"}],"author":[{"embeddable":true,"href":"https:\/\/karo.iwasz.pl\/blog\/index.php?rest_route=\/wp\/v2\/users\/1"}],"replies":[{"embeddable":true,"href":"https:\/\/karo.iwasz.pl\/blog\/index.php?rest_route=%2Fwp%2Fv2%2Fcomments&post=2722"}],"version-history":[{"count":72,"href":"https:\/\/karo.iwasz.pl\/blog\/index.php?rest_route=\/wp\/v2\/posts\/2722\/revisions"}],"predecessor-version":[{"id":9180,"href":"https:\/\/karo.iwasz.pl\/blog\/index.php?rest_route=\/wp\/v2\/posts\/2722\/revisions\/9180"}],"wp:attachment":[{"href":"https:\/\/karo.iwasz.pl\/blog\/index.php?rest_route=%2Fwp%2Fv2%2Fmedia&parent=2722"}],"wp:term":[{"taxonomy":"category","embeddable":true,"href":"https:\/\/karo.iwasz.pl\/blog\/index.php?rest_route=%2Fwp%2Fv2%2Fcategories&post=2722"},{"taxonomy":"post_tag","embeddable":true,"href":"https:\/\/karo.iwasz.pl\/blog\/index.php?rest_route=%2Fwp%2Fv2%2Ftags&post=2722"}],"curies":[{"name":"wp","href":"https:\/\/api.w.org\/{rel}","templated":true}]}}