{"id":2980,"date":"2011-08-01T22:36:15","date_gmt":"2011-08-01T21:36:15","guid":{"rendered":"http:\/\/karo.iwasz.pl\/blog\/?p=2980"},"modified":"2018-11-06T22:27:27","modified_gmt":"2018-11-06T21:27:27","slug":"spiaca-krolewna","status":"publish","type":"post","link":"https:\/\/karo.iwasz.pl\/blog\/?p=2980","title":{"rendered":"\u015bpi\u0105ca kr\u00f3lewna"},"content":{"rendered":"<p style=\"text-align: justify;\">Kiedy starsza z moich m\u0142odszych si\u00f3str by\u0142a jeszcze bardzo malutka, zwykle bawi\u0142am si\u0119 sama \u2013 nie mia\u0142am koleg\u00f3w ani kole\u017canek z podw\u00f3rka, bo mieszkali\u015bmy na uboczu w domu z ogrodem, nie&nbsp;chodzi\u0142am do przedszkola, a Iwasz przyje\u017cd\u017ca\u0142 tylko od czasu do czasu.<br \/>\nStwarza\u0142am sobie w wyobra\u017ani \u015bwiaty nie mniej realne ni\u017c ten prawdziwy i pozwala\u0142am, \u017ceby si\u0119 z&nbsp;nim przenika\u0142y. Odr\u00f3\u017cnia\u0142am wymy\u015blone od prawdziwego, oczywi\u015bcie \u2013 ale tylko w razie potrzeby.<\/p>\n<p style=\"text-align: justify;\">Kt\u00f3rego\u015b dnia, w upalne letnie popo\u0142udnie, postanowi\u0142am, \u017ce pobawi\u0119 si\u0119 w \u015bpi\u0105c\u0105 kr\u00f3lewn\u0119 \u2013 po\u0142o\u017c\u0119 si\u0119 na le\u017caku, zamkn\u0119 oczy i b\u0119d\u0119 udawa\u0142a, \u017ce \u015bpi\u0119, a potem przyjdzie ksi\u0105\u017c\u0119, obudzi mnie i&nbsp;wreszcie b\u0119d\u0119 mog\u0142a bawi\u0107 si\u0119 z kim\u015b, a nie sama.<br \/>\nLe\u017cenie okaza\u0142o si\u0119 strasznie nudne. Jedyn\u0105 ciekaw\u0105 rzecz\u0105 by\u0142 czerwonopomara\u0144czowy kolor moich prze\u015bwietlanych s\u0142o\u0144cem powiek. Min\u0119\u0142o dziesi\u0119\u0107, mo\u017ce pi\u0119tna\u015bcie minut, nikt nie przyszed\u0142. Uzna\u0142am, \u017ce albo \u017ale udaj\u0119, albo to jaka\u015b bujda z tym ksi\u0119ciem, i otworzy\u0142am oczy.<br \/>\nTo, co zobaczy\u0142am, sprawi\u0142o, \u017ce natychmiast zapomnia\u0142am o swojej g\u0142upiej zabawie. \u015awiat sta\u0142 si\u0119&nbsp;niebieski.<\/p>\n<p style=\"text-align: center;\"><a href=\"https:\/\/i0.wp.com\/karo.iwasz.pl\/blog\/wp-content\/uploads\/2011\/08\/pno.jpg\"><img data-recalc-dims=\"1\" decoding=\"async\" class=\"aligncenter size-full wp-image-2981\" title=\"p-no\" src=\"https:\/\/i0.wp.com\/karo.iwasz.pl\/blog\/wp-content\/uploads\/2011\/08\/pno.jpg?w=740\" alt=\"\"   srcset=\"https:\/\/i0.wp.com\/karo.iwasz.pl\/blog\/wp-content\/uploads\/2011\/08\/pno.jpg?w=3546&amp;ssl=1 3546w, https:\/\/i0.wp.com\/karo.iwasz.pl\/blog\/wp-content\/uploads\/2011\/08\/pno.jpg?resize=300%2C201&amp;ssl=1 300w, https:\/\/i0.wp.com\/karo.iwasz.pl\/blog\/wp-content\/uploads\/2011\/08\/pno.jpg?resize=1024%2C686&amp;ssl=1 1024w, https:\/\/i0.wp.com\/karo.iwasz.pl\/blog\/wp-content\/uploads\/2011\/08\/pno.jpg?w=2000&amp;ssl=1 2000w, https:\/\/i0.wp.com\/karo.iwasz.pl\/blog\/wp-content\/uploads\/2011\/08\/pno.jpg?w=3000&amp;ssl=1 3000w\" sizes=\"(max-width: 1000px) 100vw, 1000px\" \/><\/a><\/p>\n","protected":false},"excerpt":{"rendered":"<p>Kiedy starsza z moich m\u0142odszych si\u00f3str by\u0142a jeszcze bardzo malutka, zwykle bawi\u0142am si\u0119 sama \u2013 nie mia\u0142am koleg\u00f3w ani kole\u017canek z podw\u00f3rka, bo mieszkali\u015bmy na uboczu w domu z ogrodem, nie&nbsp;chodzi\u0142am do przedszkola, a Iwasz przyje\u017cd\u017ca\u0142 tylko od czasu do czasu. Stwarza\u0142am sobie w wyobra\u017ani \u015bwiaty nie mniej realne ni\u017c ten prawdziwy i pozwala\u0142am, \u017ceby [&hellip;]<\/p>\n","protected":false},"author":1,"featured_media":0,"comment_status":"open","ping_status":"open","sticky":false,"template":"","format":"standard","meta":{"jetpack_post_was_ever_published":false,"_jetpack_newsletter_access":"","_jetpack_dont_email_post_to_subs":true,"_jetpack_newsletter_tier_id":0,"_jetpack_memberships_contains_paywalled_content":false,"_jetpack_memberships_contains_paid_content":false,"footnotes":""},"categories":[4],"tags":[92,62],"class_list":["post-2980","post","type-post","status-publish","format-standard","hentry","category-wszystko-inne","tag-nauki-przyrodnicze","tag-z-dziecinstwa"],"jetpack_featured_media_url":"","jetpack_sharing_enabled":true,"_links":{"self":[{"href":"https:\/\/karo.iwasz.pl\/blog\/index.php?rest_route=\/wp\/v2\/posts\/2980","targetHints":{"allow":["GET"]}}],"collection":[{"href":"https:\/\/karo.iwasz.pl\/blog\/index.php?rest_route=\/wp\/v2\/posts"}],"about":[{"href":"https:\/\/karo.iwasz.pl\/blog\/index.php?rest_route=\/wp\/v2\/types\/post"}],"author":[{"embeddable":true,"href":"https:\/\/karo.iwasz.pl\/blog\/index.php?rest_route=\/wp\/v2\/users\/1"}],"replies":[{"embeddable":true,"href":"https:\/\/karo.iwasz.pl\/blog\/index.php?rest_route=%2Fwp%2Fv2%2Fcomments&post=2980"}],"version-history":[{"count":20,"href":"https:\/\/karo.iwasz.pl\/blog\/index.php?rest_route=\/wp\/v2\/posts\/2980\/revisions"}],"predecessor-version":[{"id":10202,"href":"https:\/\/karo.iwasz.pl\/blog\/index.php?rest_route=\/wp\/v2\/posts\/2980\/revisions\/10202"}],"wp:attachment":[{"href":"https:\/\/karo.iwasz.pl\/blog\/index.php?rest_route=%2Fwp%2Fv2%2Fmedia&parent=2980"}],"wp:term":[{"taxonomy":"category","embeddable":true,"href":"https:\/\/karo.iwasz.pl\/blog\/index.php?rest_route=%2Fwp%2Fv2%2Fcategories&post=2980"},{"taxonomy":"post_tag","embeddable":true,"href":"https:\/\/karo.iwasz.pl\/blog\/index.php?rest_route=%2Fwp%2Fv2%2Ftags&post=2980"}],"curies":[{"name":"wp","href":"https:\/\/api.w.org\/{rel}","templated":true}]}}