{"id":416,"date":"2009-11-08T00:20:47","date_gmt":"2009-11-07T23:20:47","guid":{"rendered":"http:\/\/karo.iwasz.pl\/blog\/?p=416"},"modified":"2024-09-03T22:16:54","modified_gmt":"2024-09-03T21:16:54","slug":"ulubiona-liczba","status":"publish","type":"post","link":"https:\/\/karo.iwasz.pl\/blog\/?p=416","title":{"rendered":"ulubiona liczba"},"content":{"rendered":"<p style=\"text-align: justify;\">Zaobserwowane przez koleg\u0119 z pracy.<\/p>\n<p style=\"text-align: justify;\">Tramwaj. Wsiadaj\u0105 babcia i wnuk.<br \/>\nCh\u0142opiec ma pi\u0119\u0107, mo\u017ce sze\u015b\u0107 lat. Jak wi\u0119kszo\u015b\u0107 dzieci w tym wieku \u2013 zadaje pytania. Bez przerwy. W takich rozmowach ka\u017cda odpowied\u017a rodzi nast\u0119pne pytanie, a wszystkie te pytania i&nbsp;odpowiedzi w spos\u00f3b nieunikniony prowadz\u0105 do zagadnie\u0144, kt\u00f3rych nie da si\u0119 rozwi\u0105za\u0107.<br \/>\nBabcia \u017ale to znosi. Jest zm\u0119czona, odpowiada p\u00f3\u0142s\u0142\u00f3wkami.<\/p>\n<p style=\"text-align: justify;\">Wreszcie ch\u0142opiec pyta: Jaka jest twoja ulubiona liczba?<br \/>\nBabcia odpowiada pos\u0119pnie: Nie wiem.<br \/>\nNa co on: Bo moja \u2013 ilewen i niesko\u0144czono\u015b\u0107.<\/p>\n","protected":false},"excerpt":{"rendered":"<p>Zaobserwowane przez koleg\u0119 z pracy. Tramwaj. Wsiadaj\u0105 babcia i wnuk. Ch\u0142opiec ma pi\u0119\u0107, mo\u017ce sze\u015b\u0107 lat. Jak wi\u0119kszo\u015b\u0107 dzieci w tym wieku \u2013 zadaje pytania. Bez przerwy. W takich rozmowach ka\u017cda odpowied\u017a rodzi nast\u0119pne pytanie, a wszystkie te pytania i&nbsp;odpowiedzi w spos\u00f3b nieunikniony prowadz\u0105 do zagadnie\u0144, kt\u00f3rych nie da si\u0119 rozwi\u0105za\u0107. Babcia \u017ale to znosi. [&hellip;]<\/p>\n","protected":false},"author":1,"featured_media":0,"comment_status":"open","ping_status":"open","sticky":false,"template":"","format":"standard","meta":{"jetpack_post_was_ever_published":false,"_jetpack_newsletter_access":"","_jetpack_dont_email_post_to_subs":false,"_jetpack_newsletter_tier_id":0,"_jetpack_memberships_contains_paywalled_content":false,"_jetpack_memberships_contains_paid_content":false,"footnotes":""},"categories":[4],"tags":[110],"class_list":["post-416","post","type-post","status-publish","format-standard","hentry","category-wszystko-inne","tag-rozmowy-dzieci-z-doroslymi"],"jetpack_featured_media_url":"","jetpack_sharing_enabled":true,"_links":{"self":[{"href":"https:\/\/karo.iwasz.pl\/blog\/index.php?rest_route=\/wp\/v2\/posts\/416","targetHints":{"allow":["GET"]}}],"collection":[{"href":"https:\/\/karo.iwasz.pl\/blog\/index.php?rest_route=\/wp\/v2\/posts"}],"about":[{"href":"https:\/\/karo.iwasz.pl\/blog\/index.php?rest_route=\/wp\/v2\/types\/post"}],"author":[{"embeddable":true,"href":"https:\/\/karo.iwasz.pl\/blog\/index.php?rest_route=\/wp\/v2\/users\/1"}],"replies":[{"embeddable":true,"href":"https:\/\/karo.iwasz.pl\/blog\/index.php?rest_route=%2Fwp%2Fv2%2Fcomments&post=416"}],"version-history":[{"count":11,"href":"https:\/\/karo.iwasz.pl\/blog\/index.php?rest_route=\/wp\/v2\/posts\/416\/revisions"}],"predecessor-version":[{"id":11354,"href":"https:\/\/karo.iwasz.pl\/blog\/index.php?rest_route=\/wp\/v2\/posts\/416\/revisions\/11354"}],"wp:attachment":[{"href":"https:\/\/karo.iwasz.pl\/blog\/index.php?rest_route=%2Fwp%2Fv2%2Fmedia&parent=416"}],"wp:term":[{"taxonomy":"category","embeddable":true,"href":"https:\/\/karo.iwasz.pl\/blog\/index.php?rest_route=%2Fwp%2Fv2%2Fcategories&post=416"},{"taxonomy":"post_tag","embeddable":true,"href":"https:\/\/karo.iwasz.pl\/blog\/index.php?rest_route=%2Fwp%2Fv2%2Ftags&post=416"}],"curies":[{"name":"wp","href":"https:\/\/api.w.org\/{rel}","templated":true}]}}