{"id":4314,"date":"2012-03-19T21:29:23","date_gmt":"2012-03-19T20:29:23","guid":{"rendered":"http:\/\/karo.iwasz.pl\/blog\/?p=4314"},"modified":"2024-09-03T21:41:55","modified_gmt":"2024-09-03T20:41:55","slug":"chusteczka","status":"publish","type":"post","link":"https:\/\/karo.iwasz.pl\/blog\/?p=4314","title":{"rendered":"chusteczka"},"content":{"rendered":"<p style=\"text-align: justify;\">Na manif\u0119 posz\u0142am w ko\u0144cu przebrana za siebie, tyle \u017ce bez torby, z kluczem na szyi i&nbsp;pieni\u0119dzmi w&nbsp;kieszeni. Po sobotnich baletach z Momo i Radeczkiem przyjemnie odklejona od rzeczywisto\u015bci, pogodna, cho\u0107 niezbyt przytomna i wci\u0105\u017c si\u0119 przej\u0119zyczaj\u0105ca (na wst\u0119pie obieca\u0142am S, \u017ce kiedy\u015b narysuj\u0119 jego autoportret).\u00a0Zapomnia\u0142am chusteczek, S da\u0142 mi jedn\u0105.<\/p>\n<p style=\"text-align: justify;\">Po manifie wpad\u0142am do S na kaw\u0119. W kuchni m\u00f3wili\u015bmy o Lacanie i siorbaniu, w pokoju o&nbsp;Charpentierze, Orfeuszu, Russellu, topologii i paradoksach eleat\u00f3w. Chusteczk\u0119, z kt\u00f3rej w&nbsp;mi\u0119dzyczasie zrobi\u0142 si\u0119 niez\u0142y ba\u0142wanek, po\u0142o\u017cy\u0142am na stole ko\u0142o swojego kubka, \u017ceby mie\u0107 pod r\u0119k\u0105, ale S od razu wyrzuci\u0142 j\u0105 do kosza.<\/p>\n<p style=\"text-align: justify;\">Zbieraj\u0105c si\u0119 do wyj\u015bcia, rzuci\u0142am co\u015b o cipustce. \u017be co\u015b masz, co\u015b robisz, a potem zostaje ci pustka. S \u2013 kolekcjoner s\u0142\u00f3w \u015bmieci, jak ja \u2013 natychmiast podchwyci\u0142.<br \/>\n\u2013 Cipustka&#8230; To jak pustka po kochanku, brak kochanka, nie?<br \/>\nZatrzyma\u0142am si\u0119 w drodze do przedpokoju i spojrza\u0142am na S z namys\u0142em.<br \/>\n\u2013 Hm. Czy ja wiem&#8230;<\/p>\n<p style=\"text-align: justify;\">A potem posz\u0142o. Tak czasem bywa, \u017ce cz\u0142owiek na kacu jest bardziej ni\u017c zwykle wymowny; zdania wychodz\u0105 okr\u0105glejsze, g\u0142adziej utoczone, wywody bardziej eleganckie, puenty mocniejsze, a pytania takie retoryczne, \u017ce mo\u017cna by t\u0142umy porywa\u0107. Wi\u0119c posz\u0142o. Sta\u0142am w&nbsp;przedpokoju, wi\u0105za\u0142am buty, kurtk\u0119 zak\u0142ada\u0142am \u2013 i g\u0142osi\u0142am, przemawia\u0142am i zaprawd\u0119 zapytywa\u0142am.<br \/>\n\u017be czy s\u0142usznie dajemy sobie do g\u0142\u00f3w \u0142adowa\u0107, \u017ce pustka, \u017ce samotno\u015b\u0107, ju\u017c nie tylko w&nbsp;mi\u0142osnym kontek\u015bcie, ale w og\u00f3le, \u017ce ot\u00f3\u017c i\u017c \u017ce samotno\u015b\u0107 i pustka s\u0105 z\u0142e? \u017be czy nie za \u0142atwo wierzymy w t\u0119 mi\u0142o\u015b\u0107, co nam si\u0119 j\u0105 zewsz\u0105d podaje, jako niezb\u0119dn\u0105 do spe\u0142nienia-cz\u0142owiecze\u0144stwa-szcz\u0119\u015bcia? \u017be ta mi\u0142o\u015b\u0107 to dopiero od niedawna tak wygl\u0105da, jak nam j\u0105 wpychaj\u0105, i w og\u00f3le ca\u0142a niedawno jest wymy\u015blona, \u017ce co to jest w og\u00f3le za reklama, dogmat i&nbsp;paradygmat, tfu? \u017be mo\u017ce nam si\u0119 wmawia potrzeby, bez kt\u00f3rych by\u0142oby nam lepiej, bo kt\u00f3rych na przyk\u0142ad mo\u017ce wcale zaspokoi\u0107 si\u0119 nie da?<br \/>\nNo, tak, co prawda, przerwa\u0142am sobie, si\u0119gaj\u0105c po szalik, tak, m\u00f3g\u0142by kto\u015b powiedzie\u0107, \u017ce epikureizm, \u017ce nawet stoicyzm, to filozofia rezygnacji. Ale! Zako\u0144czy\u0142am dobitnie, zapinaj\u0105c swoj\u0105\u00a0kus\u0105 kurteczk\u0119, b\u0119d\u0105c\u0105 w gruncie rzeczy g\u00f3rn\u0105 cz\u0119\u015bci\u0105 kombinezonu narciarskiego.<\/p>\n<p style=\"text-align: justify;\">\u2013 Ale masz kibi\u0107 \u2013 powiedzia\u0142 S.<br \/>\n\u2013 Prawda? \u2013 ucieszy\u0142am si\u0119. \u2013 To id\u0119. Dasz mi chusteczk\u0119? Bo t\u0119, co mia\u0142am przez ca\u0142\u0105 manif\u0119, wyrzuci\u0142e\u015b do kocha.<\/p>\n","protected":false},"excerpt":{"rendered":"<p>Na manif\u0119 posz\u0142am w ko\u0144cu przebrana za siebie, tyle \u017ce bez torby, z kluczem na szyi i&nbsp;pieni\u0119dzmi w&nbsp;kieszeni. Po sobotnich baletach z Momo i Radeczkiem przyjemnie odklejona od rzeczywisto\u015bci, pogodna, cho\u0107 niezbyt przytomna i wci\u0105\u017c si\u0119 przej\u0119zyczaj\u0105ca (na wst\u0119pie obieca\u0142am S, \u017ce kiedy\u015b narysuj\u0119 jego autoportret).\u00a0Zapomnia\u0142am chusteczek, S da\u0142 mi jedn\u0105. Po manifie wpad\u0142am do [&hellip;]<\/p>\n","protected":false},"author":1,"featured_media":0,"comment_status":"open","ping_status":"open","sticky":false,"template":"","format":"standard","meta":{"jetpack_post_was_ever_published":false,"_jetpack_newsletter_access":"","_jetpack_dont_email_post_to_subs":true,"_jetpack_newsletter_tier_id":0,"_jetpack_memberships_contains_paywalled_content":false,"_jetpack_memberships_contains_paid_content":false,"footnotes":""},"categories":[4],"tags":[107,65,70,105,143,100,115,46,72,58,33],"class_list":["post-4314","post","type-post","status-publish","format-standard","hentry","category-wszystko-inne","tag-dylematy-etyczne","tag-filozofia","tag-jezyki-obce-i-nie","tag-ksiazki","tag-lekcje-chaosu","tag-milosc","tag-muzyka","tag-rozpad-i-rozklad","tag-smutek","tag-trudne-slowa","tag-zycie-towarzyskie"],"jetpack_featured_media_url":"","jetpack_sharing_enabled":true,"_links":{"self":[{"href":"https:\/\/karo.iwasz.pl\/blog\/index.php?rest_route=\/wp\/v2\/posts\/4314","targetHints":{"allow":["GET"]}}],"collection":[{"href":"https:\/\/karo.iwasz.pl\/blog\/index.php?rest_route=\/wp\/v2\/posts"}],"about":[{"href":"https:\/\/karo.iwasz.pl\/blog\/index.php?rest_route=\/wp\/v2\/types\/post"}],"author":[{"embeddable":true,"href":"https:\/\/karo.iwasz.pl\/blog\/index.php?rest_route=\/wp\/v2\/users\/1"}],"replies":[{"embeddable":true,"href":"https:\/\/karo.iwasz.pl\/blog\/index.php?rest_route=%2Fwp%2Fv2%2Fcomments&post=4314"}],"version-history":[{"count":15,"href":"https:\/\/karo.iwasz.pl\/blog\/index.php?rest_route=\/wp\/v2\/posts\/4314\/revisions"}],"predecessor-version":[{"id":11314,"href":"https:\/\/karo.iwasz.pl\/blog\/index.php?rest_route=\/wp\/v2\/posts\/4314\/revisions\/11314"}],"wp:attachment":[{"href":"https:\/\/karo.iwasz.pl\/blog\/index.php?rest_route=%2Fwp%2Fv2%2Fmedia&parent=4314"}],"wp:term":[{"taxonomy":"category","embeddable":true,"href":"https:\/\/karo.iwasz.pl\/blog\/index.php?rest_route=%2Fwp%2Fv2%2Fcategories&post=4314"},{"taxonomy":"post_tag","embeddable":true,"href":"https:\/\/karo.iwasz.pl\/blog\/index.php?rest_route=%2Fwp%2Fv2%2Ftags&post=4314"}],"curies":[{"name":"wp","href":"https:\/\/api.w.org\/{rel}","templated":true}]}}