{"id":4332,"date":"2012-03-24T15:49:34","date_gmt":"2012-03-24T14:49:34","guid":{"rendered":"http:\/\/karo.iwasz.pl\/blog\/?p=4332"},"modified":"2024-09-03T21:39:14","modified_gmt":"2024-09-03T20:39:14","slug":"pierwszy-dzien-szkoly","status":"publish","type":"post","link":"https:\/\/karo.iwasz.pl\/blog\/?p=4332","title":{"rendered":"pierwszy dzie\u0144 szko\u0142y"},"content":{"rendered":"<p style=\"text-align: justify;\">Pierwszy dzie\u0144 szko\u0142y przypomnia\u0142 mi si\u0119 dzi\u0119ki Agt, a w\u0142a\u015bciwie dzi\u0119ki jej dw\u00f3m galeriom z\u00a0obrazkami z\u00a0lektur\u00a0dzieci\u0119cych*. Jedna galeria nazywa si\u0119 <em>Kiedy by\u0142am ma\u0142a, chcia\u0142am&#8230;<\/em>, a&nbsp;druga \u2013 <em>Kiedy by\u0142am ma\u0142a, ba\u0142am si\u0119&#8230;<\/em> Dla przyk\u0142adu: <em><a href=\"http:\/\/karo.iwasz.pl\/blog\/wp-content\/uploads\/2012\/03\/wlosy.jpg\">Kiedy by\u0142am ma\u0142a, chcia\u0142am&#8230; \u017ceby kto\u015b wysuszy\u0142 mi stopy swoimi d\u0142ugimi w\u0142osami<\/a><\/em> oraz <em><a href=\"http:\/\/karo.iwasz.pl\/blog\/wp-content\/uploads\/2012\/03\/czlonki.jpg\">Kiedy by\u0142am ma\u0142a, ba\u0142am si\u0119&#8230; sterty obci\u0119tych cz\u0142onk\u00f3w<\/a><\/em>.<\/p>\n<p style=\"text-align: justify;\">Dzi\u015b przypomnia\u0142am sobie zdj\u0119cie z dzieci\u0144stwa. Widz\u0119 je do\u015b\u0107 dok\u0142adnie, chocia\u017c pewnie ju\u017c mocno zniekszta\u0142cone przez pami\u0119\u0107. Szuka\u0142am go w sieci, ale nie znalaz\u0142am.<br \/>\nKiedy by\u0142am ma\u0142a, ba\u0142am si\u0119 zag\u0142ady.<\/p>\n<p style=\"text-align: justify;\">Drugiego wrze\u015bnia rano mama podci\u0105gn\u0119\u0142a mi rajstopy, wywlek\u0142a na zewn\u0105trz gumk\u0119, zwi\u0105za\u0142a j\u0105 w\u00a0p\u0119telk\u0119, pospiesznie mnie uczesa\u0142a \u2013 musia\u0142am z ca\u0142ej si\u0142y trzyma\u0107 si\u0119 kuchennego kredensu, bo robi\u0142a to zawsze bardzo niedelikatnie \u2013 i zaprowadzi\u0142a do szko\u0142y.<br \/>\nMiejsce ju\u017c zna\u0142am; przed wakacjami chodzi\u0142am do szkolnej zer\u00f3wki, gdzie w ma\u0142ej salce w&nbsp;piwnicy podobna do \u015bwinki Piggy pani Mariola uczy\u0142a nas literek, cyferek i kwadrat\u00f3w, kasztanowych ludzik\u00f3w, papierowych \u0142a\u0144cuch\u00f3w i mozaiki ze skorupek. Ale teraz mia\u0142o by\u0107 inaczej, ju\u017c na powa\u017cnie, na pi\u0119trze, z zeszytami, lekcjami i dzwonkiem.<\/p>\n<p style=\"text-align: justify;\">Posadzono mnie w pierwszej \u0142awce, z jakim\u015b ch\u0142opcem. Pani w niczym nie przypomina\u0142a sympatycznej \u015bwinki. Szczup\u0142a, wysoka, w wielkich ciemnych okularach, z czarnymi w\u0142osami upi\u0119tymi w nieprawdopodobny kok wygl\u0105da\u0142a jak Rosjanka z \u00f3wczesnych ameryka\u0144skich film\u00f3w sensacyjnych. Przywita\u0142a si\u0119, przedstawi\u0142a i oznajmi\u0142a, \u017ce b\u0119dzie nasz\u0105 wychowawczyni\u0105, a nast\u0119pnie kaza\u0142a nam wsta\u0107, powiedzie\u0107 \u201eDzie\u0144 do bry pa ni\u201d, usi\u0105\u015b\u0107 i od tej pory zawsze tak reagowa\u0107 na jej \u201eDzie\u0144 dobry\u201d.<br \/>\n\u201ePierwszy wrze\u015bnia, kt\u00f3ry wczoraj \u015bwi\u0119towali\u015bmy \u2013\u00a0powiedzia\u0142a pani, kiedy\u015bmy usiedli \u2013\u00a0to nie tylko pocz\u0105tek roku szkolnego, to tak\u017ce rocznica\u201d. I zacz\u0119\u0142a opowiada\u0107 o wojnie. Jak na nas Niemcy napadli, jak nas okupowali, jak do nas strzelali, jak robili \u0142apanki, getto i o\u015bwi\u0119cim. A&nbsp;potem pu\u015bci\u0142a po klasie album ze zdj\u0119ciami, na kt\u00f3rych to wszystko by\u0142o pokazane.<\/p>\n<p style=\"text-align: justify;\">Na tym zdj\u0119ciu, kt\u00f3re przypomnia\u0142am sobie\u00a0dzi\u015b rano, przera\u017aliwie chudy m\u0119\u017cczyzna ubrany w&nbsp;co\u015b, co wyda\u0142o mi si\u0119 wtedy podobne do pi\u017camy dziadka, pcha taczki. Na taczkach le\u017c\u0105 obci\u0119te ko\u0144czyny albo nagie cia\u0142a dzieci \u2013 tak spl\u0105tane, \u017ce trudno stwierdzi\u0107. Taczki s\u0105 prze\u0142adowane, wi\u0119c te wszystkie r\u0119ce i nogi prawie si\u0119 z nich wysypuj\u0105. Jedna, lekko zgi\u0119ta, zwisa na pierwszym planie.<\/p>\n","protected":false},"excerpt":{"rendered":"<p>Pierwszy dzie\u0144 szko\u0142y przypomnia\u0142 mi si\u0119 dzi\u0119ki Agt, a w\u0142a\u015bciwie dzi\u0119ki jej dw\u00f3m galeriom z\u00a0obrazkami z\u00a0lektur\u00a0dzieci\u0119cych*. Jedna galeria nazywa si\u0119 Kiedy by\u0142am ma\u0142a, chcia\u0142am&#8230;, a&nbsp;druga \u2013 Kiedy by\u0142am ma\u0142a, ba\u0142am si\u0119&#8230; Dla przyk\u0142adu: Kiedy by\u0142am ma\u0142a, chcia\u0142am&#8230; \u017ceby kto\u015b wysuszy\u0142 mi stopy swoimi d\u0142ugimi w\u0142osami oraz Kiedy by\u0142am ma\u0142a, ba\u0142am si\u0119&#8230; sterty obci\u0119tych cz\u0142onk\u00f3w. Dzi\u015b [&hellip;]<\/p>\n","protected":false},"author":1,"featured_media":0,"comment_status":"open","ping_status":"open","sticky":false,"template":"","format":"standard","meta":{"jetpack_post_was_ever_published":false,"_jetpack_newsletter_access":"","_jetpack_dont_email_post_to_subs":true,"_jetpack_newsletter_tier_id":0,"_jetpack_memberships_contains_paywalled_content":false,"_jetpack_memberships_contains_paid_content":false,"footnotes":""},"categories":[4],"tags":[135,93,110,46,12,62,39],"class_list":["post-4332","post","type-post","status-publish","format-standard","hentry","category-wszystko-inne","tag-cierpienie","tag-religia","tag-rozmowy-dzieci-z-doroslymi","tag-rozpad-i-rozklad","tag-smierc","tag-z-dziecinstwa","tag-zlo"],"jetpack_featured_media_url":"","jetpack_sharing_enabled":true,"_links":{"self":[{"href":"https:\/\/karo.iwasz.pl\/blog\/index.php?rest_route=\/wp\/v2\/posts\/4332","targetHints":{"allow":["GET"]}}],"collection":[{"href":"https:\/\/karo.iwasz.pl\/blog\/index.php?rest_route=\/wp\/v2\/posts"}],"about":[{"href":"https:\/\/karo.iwasz.pl\/blog\/index.php?rest_route=\/wp\/v2\/types\/post"}],"author":[{"embeddable":true,"href":"https:\/\/karo.iwasz.pl\/blog\/index.php?rest_route=\/wp\/v2\/users\/1"}],"replies":[{"embeddable":true,"href":"https:\/\/karo.iwasz.pl\/blog\/index.php?rest_route=%2Fwp%2Fv2%2Fcomments&post=4332"}],"version-history":[{"count":21,"href":"https:\/\/karo.iwasz.pl\/blog\/index.php?rest_route=\/wp\/v2\/posts\/4332\/revisions"}],"predecessor-version":[{"id":11309,"href":"https:\/\/karo.iwasz.pl\/blog\/index.php?rest_route=\/wp\/v2\/posts\/4332\/revisions\/11309"}],"wp:attachment":[{"href":"https:\/\/karo.iwasz.pl\/blog\/index.php?rest_route=%2Fwp%2Fv2%2Fmedia&parent=4332"}],"wp:term":[{"taxonomy":"category","embeddable":true,"href":"https:\/\/karo.iwasz.pl\/blog\/index.php?rest_route=%2Fwp%2Fv2%2Fcategories&post=4332"},{"taxonomy":"post_tag","embeddable":true,"href":"https:\/\/karo.iwasz.pl\/blog\/index.php?rest_route=%2Fwp%2Fv2%2Ftags&post=4332"}],"curies":[{"name":"wp","href":"https:\/\/api.w.org\/{rel}","templated":true}]}}