{"id":4423,"date":"2012-04-08T23:43:18","date_gmt":"2012-04-08T22:43:18","guid":{"rendered":"http:\/\/karo.iwasz.pl\/blog\/?p=4423"},"modified":"2024-09-03T21:35:02","modified_gmt":"2024-09-03T20:35:02","slug":"wanna","status":"publish","type":"post","link":"https:\/\/karo.iwasz.pl\/blog\/?p=4423","title":{"rendered":"wanna"},"content":{"rendered":"<p style=\"text-align: justify;\">Kiedy umar\u0142a prababcia Pelagia, pradziadek pomalowa\u0142 wszystko na olejno. Nawet wann\u0119. A&nbsp;potem wyku\u0142 imi\u0119 prababci na kamieniu w ogrodzie i pogr\u0105\u017cy\u0142 si\u0119 w najczarniejszym smutku.<\/p>\n<p style=\"text-align: justify;\">Sprowadzili\u015bmy si\u0119 do niego latem. Pierwszego dnia zbiera\u0142am z trawy czere\u015bnie i jad\u0142am z&nbsp;pestkami, a potem ba\u0142am si\u0119, \u017ce w brzuchu wyro\u015bnie mi drzewo. W gara\u017cu zobaczy\u0142am czerwony tr\u00f3jko\u0142owy rowerek.<\/p>\n<p style=\"text-align: justify;\">\u0141azienk\u0119 od kuchni oddziela\u0142 tylko kredens, ten, kt\u00f3rego si\u0119 trzyma\u0142am, kiedy mama szarpa\u0142a mnie za w\u0142osy przy porannym czesaniu, i br\u0105zowa zas\u0142ona w \u017c\u00f3\u0142te kwiaty podobne do rosn\u0105cych pod oknem dziecinnego \u015blinabab\u00f3w. Wanna mia\u0142a \u015bmieszne krzywe n\u00f3\u017cki, obok sta\u0142 wieszak na ubrania.<\/p>\n<p style=\"text-align: justify;\">Brat przyje\u017cd\u017ca\u0142 na lato. Ca\u0142e dnie sp\u0119dzali\u015bmy w ogrodzie, zapami\u0119ta\u0142am je jako przesterowane w&nbsp;orwokolorze z\u0142otozielone slajdy. M\u0142odszy brat, m\u0142odsza siostra i ja, dzieci do ogrodu, dzieci do&nbsp;k\u0105pieli.<\/p>\n<p style=\"text-align: justify;\">K\u0105pali\u015bmy si\u0119 razem, zanim zacz\u0119li\u015bmy si\u0119 wstydzi\u0107. Pewnego dnia brat po wej\u015bciu do wanny zwin\u0105\u0142 si\u0119 w k\u0142\u0119bek i zas\u0142oni\u0142 r\u0119koma. Zdziwione zapyta\u0142y\u015bmy, co robi. Zas\u0142aniam jajka, powiedzia\u0142.<\/p>\n","protected":false},"excerpt":{"rendered":"<p>Kiedy umar\u0142a prababcia Pelagia, pradziadek pomalowa\u0142 wszystko na olejno. Nawet wann\u0119. A&nbsp;potem wyku\u0142 imi\u0119 prababci na kamieniu w ogrodzie i pogr\u0105\u017cy\u0142 si\u0119 w najczarniejszym smutku. Sprowadzili\u015bmy si\u0119 do niego latem. Pierwszego dnia zbiera\u0142am z trawy czere\u015bnie i jad\u0142am z&nbsp;pestkami, a potem ba\u0142am si\u0119, \u017ce w brzuchu wyro\u015bnie mi drzewo. W gara\u017cu zobaczy\u0142am czerwony tr\u00f3jko\u0142owy rowerek. [&hellip;]<\/p>\n","protected":false},"author":1,"featured_media":0,"comment_status":"open","ping_status":"open","sticky":false,"template":"","format":"standard","meta":{"jetpack_post_was_ever_published":false,"_jetpack_newsletter_access":"","_jetpack_dont_email_post_to_subs":true,"_jetpack_newsletter_tier_id":0,"_jetpack_memberships_contains_paywalled_content":false,"_jetpack_memberships_contains_paid_content":false,"footnotes":""},"categories":[4],"tags":[110,12,72,62],"class_list":["post-4423","post","type-post","status-publish","format-standard","hentry","category-wszystko-inne","tag-rozmowy-dzieci-z-doroslymi","tag-smierc","tag-smutek","tag-z-dziecinstwa"],"jetpack_featured_media_url":"","jetpack_sharing_enabled":true,"_links":{"self":[{"href":"https:\/\/karo.iwasz.pl\/blog\/index.php?rest_route=\/wp\/v2\/posts\/4423","targetHints":{"allow":["GET"]}}],"collection":[{"href":"https:\/\/karo.iwasz.pl\/blog\/index.php?rest_route=\/wp\/v2\/posts"}],"about":[{"href":"https:\/\/karo.iwasz.pl\/blog\/index.php?rest_route=\/wp\/v2\/types\/post"}],"author":[{"embeddable":true,"href":"https:\/\/karo.iwasz.pl\/blog\/index.php?rest_route=\/wp\/v2\/users\/1"}],"replies":[{"embeddable":true,"href":"https:\/\/karo.iwasz.pl\/blog\/index.php?rest_route=%2Fwp%2Fv2%2Fcomments&post=4423"}],"version-history":[{"count":8,"href":"https:\/\/karo.iwasz.pl\/blog\/index.php?rest_route=\/wp\/v2\/posts\/4423\/revisions"}],"predecessor-version":[{"id":11298,"href":"https:\/\/karo.iwasz.pl\/blog\/index.php?rest_route=\/wp\/v2\/posts\/4423\/revisions\/11298"}],"wp:attachment":[{"href":"https:\/\/karo.iwasz.pl\/blog\/index.php?rest_route=%2Fwp%2Fv2%2Fmedia&parent=4423"}],"wp:term":[{"taxonomy":"category","embeddable":true,"href":"https:\/\/karo.iwasz.pl\/blog\/index.php?rest_route=%2Fwp%2Fv2%2Fcategories&post=4423"},{"taxonomy":"post_tag","embeddable":true,"href":"https:\/\/karo.iwasz.pl\/blog\/index.php?rest_route=%2Fwp%2Fv2%2Ftags&post=4423"}],"curies":[{"name":"wp","href":"https:\/\/api.w.org\/{rel}","templated":true}]}}