{"id":7111,"date":"2014-04-27T23:05:00","date_gmt":"2014-04-27T22:05:00","guid":{"rendered":"http:\/\/karo.iwasz.pl\/blog\/?p=7111"},"modified":"2024-09-04T20:42:24","modified_gmt":"2024-09-04T19:42:24","slug":"swiety-jp2","status":"publish","type":"post","link":"https:\/\/karo.iwasz.pl\/blog\/?p=7111","title":{"rendered":"\u015bwi\u0119ty JP2"},"content":{"rendered":"<p style=\"text-align: justify;\"><a href=\"https:\/\/i0.wp.com\/karo.iwasz.pl\/blog\/wp-content\/uploads\/2014\/04\/papa-is-dying-show-.jpg\"><img data-recalc-dims=\"1\" loading=\"lazy\" decoding=\"async\" class=\"alignnone size-full wp-image-7112\" alt=\"papa-is-dying-show\" src=\"https:\/\/i0.wp.com\/karo.iwasz.pl\/blog\/wp-content\/uploads\/2014\/04\/papa-is-dying-show-.jpg?resize=740%2C482\" width=\"740\" height=\"482\" srcset=\"https:\/\/i0.wp.com\/karo.iwasz.pl\/blog\/wp-content\/uploads\/2014\/04\/papa-is-dying-show-.jpg?w=1553&amp;ssl=1 1553w, https:\/\/i0.wp.com\/karo.iwasz.pl\/blog\/wp-content\/uploads\/2014\/04\/papa-is-dying-show-.jpg?resize=300%2C195&amp;ssl=1 300w, https:\/\/i0.wp.com\/karo.iwasz.pl\/blog\/wp-content\/uploads\/2014\/04\/papa-is-dying-show-.jpg?resize=1024%2C666&amp;ssl=1 1024w\" sizes=\"auto, (max-width: 740px) 100vw, 740px\" \/><\/a><\/p>\n<p style=\"text-align: justify;\"><em>Za uchwa\u0142\u0105 &#8222;w sprawie uczczenia papie\u017ca b\u0142ogos\u0142awionego Jana Paw\u0142a II&#8221; opowiedzia\u0142o si\u0119 380 pos\u0142\u00f3w. Pos\u0142owie przyj\u0119li wyniki g\u0142osowania oklaskami na stoj\u0105co. <\/em>[&#8230;] <em>Przeciw by\u0142o 34 pos\u0142\u00f3w, od g\u0142osu wstrzyma\u0142o si\u0119 dw\u00f3ch. Wcze\u015bniej parlamentarzy\u015bci zdecydowali, \u017ce g\u0142osowania nie poprzedzi debata.<\/em><br \/>\n[&#8230;] <em>Projekt specjalnej uchwa\u0142y z okazji kanonizacji Jana Paw\u0142a II zaproponowa\u0142o PSL. Wyra\u017cono w niej m.in. nadziej\u0119, \u017ce kanonizacja &#8222;b\u0119dzie dla wszystkich Polak\u00f3w okazj\u0105 do radosnego i solidarnego \u015bwi\u0119towania, a tak\u017ce zach\u0119t\u0105 do g\u0142\u0119bszego poznania jego intelektualnej i duchowej spu\u015bcizny oraz do podejmowania i kontynuowania jego dzie\u0142a&#8221;. &#8222;Sejm RP apeluje do wszystkich cz\u0142onk\u00f3w narodowej wsp\u00f3lnoty o godne uczczenie tego wydarzenia&#8221; &#8211; podkre\u015blono w&nbsp;projekcie.<\/em> [<a href=\"http:\/\/wyborcza.pl\/1,75478,15847512,Sejm_przyjal_uchwale_w_sprawie_kanonizacji_Jana_Pawla.html\">\u017ar\u00f3d\u0142o<\/a>]<\/p>\n<p>Reszta ikonostasu ze z\u0142otkiem <a href=\"http:\/\/karo.iwasz.pl\/blog\/?cat=159\">tu<\/a>.<\/p>\n","protected":false},"excerpt":{"rendered":"<p>Za uchwa\u0142\u0105 &#8222;w sprawie uczczenia papie\u017ca b\u0142ogos\u0142awionego Jana Paw\u0142a II&#8221; opowiedzia\u0142o si\u0119 380 pos\u0142\u00f3w. Pos\u0142owie przyj\u0119li wyniki g\u0142osowania oklaskami na stoj\u0105co. [&#8230;] Przeciw by\u0142o 34 pos\u0142\u00f3w, od g\u0142osu wstrzyma\u0142o si\u0119 dw\u00f3ch. Wcze\u015bniej parlamentarzy\u015bci zdecydowali, \u017ce g\u0142osowania nie poprzedzi debata. [&#8230;] Projekt specjalnej uchwa\u0142y z okazji kanonizacji Jana Paw\u0142a II zaproponowa\u0142o PSL. Wyra\u017cono w niej m.in. [&hellip;]<\/p>\n","protected":false},"author":1,"featured_media":0,"comment_status":"open","ping_status":"open","sticky":false,"template":"","format":"standard","meta":{"jetpack_post_was_ever_published":false,"_jetpack_newsletter_access":"","_jetpack_dont_email_post_to_subs":true,"_jetpack_newsletter_tier_id":0,"_jetpack_memberships_contains_paywalled_content":false,"_jetpack_memberships_contains_paid_content":false,"footnotes":""},"categories":[97,159],"tags":[123,93,12,39],"class_list":["post-7111","post","type-post","status-publish","format-standard","hentry","category-rysunki","category-rysunki-ze-zlotkiem","tag-polityka","tag-religia","tag-smierc","tag-zlo"],"jetpack_featured_media_url":"","jetpack_sharing_enabled":true,"_links":{"self":[{"href":"https:\/\/karo.iwasz.pl\/blog\/index.php?rest_route=\/wp\/v2\/posts\/7111","targetHints":{"allow":["GET"]}}],"collection":[{"href":"https:\/\/karo.iwasz.pl\/blog\/index.php?rest_route=\/wp\/v2\/posts"}],"about":[{"href":"https:\/\/karo.iwasz.pl\/blog\/index.php?rest_route=\/wp\/v2\/types\/post"}],"author":[{"embeddable":true,"href":"https:\/\/karo.iwasz.pl\/blog\/index.php?rest_route=\/wp\/v2\/users\/1"}],"replies":[{"embeddable":true,"href":"https:\/\/karo.iwasz.pl\/blog\/index.php?rest_route=%2Fwp%2Fv2%2Fcomments&post=7111"}],"version-history":[{"count":20,"href":"https:\/\/karo.iwasz.pl\/blog\/index.php?rest_route=\/wp\/v2\/posts\/7111\/revisions"}],"predecessor-version":[{"id":11378,"href":"https:\/\/karo.iwasz.pl\/blog\/index.php?rest_route=\/wp\/v2\/posts\/7111\/revisions\/11378"}],"wp:attachment":[{"href":"https:\/\/karo.iwasz.pl\/blog\/index.php?rest_route=%2Fwp%2Fv2%2Fmedia&parent=7111"}],"wp:term":[{"taxonomy":"category","embeddable":true,"href":"https:\/\/karo.iwasz.pl\/blog\/index.php?rest_route=%2Fwp%2Fv2%2Fcategories&post=7111"},{"taxonomy":"post_tag","embeddable":true,"href":"https:\/\/karo.iwasz.pl\/blog\/index.php?rest_route=%2Fwp%2Fv2%2Ftags&post=7111"}],"curies":[{"name":"wp","href":"https:\/\/api.w.org\/{rel}","templated":true}]}}