{"id":7247,"date":"2014-09-03T11:25:09","date_gmt":"2014-09-03T10:25:09","guid":{"rendered":"http:\/\/karo.iwasz.pl\/blog\/?p=7247"},"modified":"2024-09-03T20:50:21","modified_gmt":"2024-09-03T19:50:21","slug":"die-fahrt-ins-blaue","status":"publish","type":"post","link":"https:\/\/karo.iwasz.pl\/blog\/?p=7247","title":{"rendered":"die Fahrt ins Blaue"},"content":{"rendered":"<p style=\"text-align: justify;\">Polecenie, \u017ceby zaj\u0105\u0107 si\u0119 swoim dziadkiem, dosta\u0142am po paru miesi\u0105cach pracy dla Akcji. Mia\u0142am wzi\u0105\u0107 jeden z tych specjalnych samochod\u00f3w. Dok\u0142adnie mnie zbadali, bo w tych osobowych kierowca te\u017c jest nara\u017cony na dzia\u0142anie spalin. M\u0142ody, silny organizm, powiedzieli z\u00a0zadowoleniem.\u00a0Wytrzyma.<br \/>\nZaprosi\u0142am go na wycieczk\u0119. Um\u00f3wili\u015bmy si\u0119 na rynku. Dziadek u\u015bmiecha\u0142 si\u0119 tym niepewnym u\u015bmiechem, kt\u00f3ry pojawia si\u0119 na twarzach starych ludzi, kiedy nieoczekiwanie spotyka ich co\u015b mi\u0142ego. Wsiedli\u015bmy.<br \/>\nPewnie, \u017ce mia\u0142am w\u0105tpliwo\u015bci. Ale polecenie to polecenie. Tak, pomy\u015bla\u0142am te\u017c o swojej karierze. I\u00a0wyt\u0142umaczy\u0142am to sobie. Powt\u00f3rzy\u0142am w my\u015bli to, co mi tyle razy m\u00f3wili. Dziadek tak czy siak ju\u017c by d\u0142ugo nie po\u017cy\u0142, coraz gorzej si\u0119 czuje. Jeszcze par\u0119 lat i by\u0142by dla siebie i&nbsp;innych tylko ci\u0119\u017carem. Obr\u00f3ci\u0142am kluczyk w stacyjce.<br \/>\nSzybko zacz\u0119\u0142o mi si\u0119 kr\u0119ci\u0107 w g\u0142owie, potem pociemnia\u0142o mi przed oczami. Zawsze panicznie si\u0119 ba\u0142am utraty \u015bwiadomo\u015bci. To taki zwierz\u0119cy l\u0119k, chyba strach przed \u015bmierci\u0105 po prostu. Us\u0142ysza\u0142am jak kto\u015b, dziadek albo ja, m\u00f3wi: \u201eZatrzymaj, co\u015b jest nie tak, wysiadamy\u201d.<br \/>\nWysiedli\u015bmy. Padli\u015bmy sobie w ramiona. P\u0142aka\u0142am. Wiedzia\u0142am ju\u017c, \u017ce tego nie zrobi\u0119. Czu\u0142am si\u0119 prawie tak, jakbym go uratowa\u0142a, ale dziadek spojrza\u0142 na mnie powa\u017cnie i powiedzia\u0142: \u201eZrobi\u0142a\u015b to tylko ze wzgl\u0119du na siebie\u201d. Powiedzia\u0142 to spokojnie, bez wyrzutu. Jakby po prostu zale\u017ca\u0142o mu na tym, \u017ceby nazwa\u0107 rzeczy po imieniu. Potem straci\u0142am przytomno\u015b\u0107.<br \/>\nKiedy si\u0119 ockn\u0119\u0142am, zobaczy\u0142am drugi samoch\u00f3d. Dziadek by\u0142 ju\u017c w \u015brodku. Za kierownic\u0105 siedzia\u0142 facet w granatowym uniformie z naszywk\u0105 ELF na ramieniu. Wiedzia\u0142am, czym zajmuje si\u0119 ta firma. \u201eZostawcie go!\u201d, krzykn\u0119\u0142am. Kierowca wychyli\u0142 si\u0119 przez okno i powiedzia\u0142: \u201eSpokojnie, o co ten ha\u0142as? Wieziemy go tylko do G-ck, tam si\u0119 nim dobrze zajm\u0105\u201d.<\/p>\n","protected":false},"excerpt":{"rendered":"<p>Polecenie, \u017ceby zaj\u0105\u0107 si\u0119 swoim dziadkiem, dosta\u0142am po paru miesi\u0105cach pracy dla Akcji. Mia\u0142am wzi\u0105\u0107 jeden z tych specjalnych samochod\u00f3w. Dok\u0142adnie mnie zbadali, bo w tych osobowych kierowca te\u017c jest nara\u017cony na dzia\u0142anie spalin. M\u0142ody, silny organizm, powiedzieli z\u00a0zadowoleniem.\u00a0Wytrzyma. Zaprosi\u0142am go na wycieczk\u0119. Um\u00f3wili\u015bmy si\u0119 na rynku. Dziadek u\u015bmiecha\u0142 si\u0119 tym niepewnym u\u015bmiechem, kt\u00f3ry pojawia [&hellip;]<\/p>\n","protected":false},"author":1,"featured_media":0,"comment_status":"open","ping_status":"open","sticky":false,"template":"","format":"standard","meta":{"jetpack_post_was_ever_published":false,"_jetpack_newsletter_access":"","_jetpack_dont_email_post_to_subs":true,"_jetpack_newsletter_tier_id":0,"_jetpack_memberships_contains_paywalled_content":false,"_jetpack_memberships_contains_paid_content":false,"footnotes":""},"categories":[91],"tags":[272,12,39],"class_list":["post-7247","post","type-post","status-publish","format-standard","hentry","category-sny","tag-przemoc","tag-smierc","tag-zlo"],"jetpack_featured_media_url":"","jetpack_sharing_enabled":true,"_links":{"self":[{"href":"https:\/\/karo.iwasz.pl\/blog\/index.php?rest_route=\/wp\/v2\/posts\/7247","targetHints":{"allow":["GET"]}}],"collection":[{"href":"https:\/\/karo.iwasz.pl\/blog\/index.php?rest_route=\/wp\/v2\/posts"}],"about":[{"href":"https:\/\/karo.iwasz.pl\/blog\/index.php?rest_route=\/wp\/v2\/types\/post"}],"author":[{"embeddable":true,"href":"https:\/\/karo.iwasz.pl\/blog\/index.php?rest_route=\/wp\/v2\/users\/1"}],"replies":[{"embeddable":true,"href":"https:\/\/karo.iwasz.pl\/blog\/index.php?rest_route=%2Fwp%2Fv2%2Fcomments&post=7247"}],"version-history":[{"count":13,"href":"https:\/\/karo.iwasz.pl\/blog\/index.php?rest_route=\/wp\/v2\/posts\/7247\/revisions"}],"predecessor-version":[{"id":11250,"href":"https:\/\/karo.iwasz.pl\/blog\/index.php?rest_route=\/wp\/v2\/posts\/7247\/revisions\/11250"}],"wp:attachment":[{"href":"https:\/\/karo.iwasz.pl\/blog\/index.php?rest_route=%2Fwp%2Fv2%2Fmedia&parent=7247"}],"wp:term":[{"taxonomy":"category","embeddable":true,"href":"https:\/\/karo.iwasz.pl\/blog\/index.php?rest_route=%2Fwp%2Fv2%2Fcategories&post=7247"},{"taxonomy":"post_tag","embeddable":true,"href":"https:\/\/karo.iwasz.pl\/blog\/index.php?rest_route=%2Fwp%2Fv2%2Ftags&post=7247"}],"curies":[{"name":"wp","href":"https:\/\/api.w.org\/{rel}","templated":true}]}}