{"id":7551,"date":"2015-05-19T12:23:35","date_gmt":"2015-05-19T11:23:35","guid":{"rendered":"http:\/\/karo.iwasz.pl\/blog\/?p=7551"},"modified":"2024-09-03T20:37:41","modified_gmt":"2024-09-03T19:37:41","slug":"reforma","status":"publish","type":"post","link":"https:\/\/karo.iwasz.pl\/blog\/?p=7551","title":{"rendered":"reforma"},"content":{"rendered":"<p style=\"text-align: justify;\">W latach osiemdziesi\u0105tych starsza z moich m\u0142odszych si\u00f3str i ja by\u0142y\u015bmy ma\u0142e i jeszcze tylko dwie. Uk\u0142ada\u0142o nam si\u0119 rozmaicie, przewa\u017cnie nie najlepiej (przewa\u017cnie z mojej winy), ale s\u0142odycze dzieli\u0142y\u015bmy po r\u00f3wno. Czy dosta\u0142y\u015bmy od Doros\u0142ych kuku\u0142ki, czy kr\u00f3wki, czy wyblak\u0142e groszki \u2013 zawsze mozolnie rozk\u0142ada\u0142y\u015bmy je na dwie r\u00f3wne kupki.<br \/>\nKt\u00f3rego\u015b razu zobaczyli to rodzice i chyba im si\u0119 nie spodoba\u0142o.<br \/>\n\u2013 Po r\u00f3wno? To komunizm.<\/p>\n<p style=\"text-align: justify;\">Zmartwi\u0142y\u015bmy si\u0119. Wiedzia\u0142y\u015bmy, \u017ce komunizm jest z\u0142y. Rodzice z nim walczyli. Mieli kalendarz z&nbsp;Wa\u0142\u0119s\u0105, chodzili na demonstracje, roznosili jakie\u015b ulotki i nawet kiedy\u015b co\u015b drukowali na strychu, a&nbsp;ja, wtedy mniej wi\u0119cej czteroletnia, snu\u0142am si\u0119 po domu i mrucza\u0142am z\u0142owieszczo\u00a0\u201ePanowie przyjd\u0105\u201d, ale nie przyszli, a potem maszyna si\u0119 zepsu\u0142a.<br \/>\nZ nielegalnych ksi\u0105\u017ceczek dla dzieci wy\u0142ania\u0142 si\u0119 ponury obraz. Pryszczaci zomowcy bij\u0105cy ludzi pasami (autorzy innej ksi\u0105\u017ceczki dodawali wprawdzie, \u017ce nawet pod tward\u0105 zbroj\u0105 ZOMO puka jakie\u015b serduszko, ale wywo\u0142ywa\u0142o to we mnie zbyt powa\u017cny moralny niepok\u00f3j, \u017cebym chcia\u0142a si\u0119 nad tym d\u0142u\u017cej zastanawia\u0107), smok komuna (w ko\u0144c\u00f3wce ostatniej z ksi\u0105\u017ceczek zredukowany do niedu\u017cego w\u0119\u017ca w s\u0142oiku z dat\u0105 1989) i walcz\u0105ca z nim solidarno\u015b\u0107, smutasy i&nbsp;ponuraki, z\u0142y kr\u00f3l Wojcieszko, uszaty k\u0142amczuch w telewizorze, zero zabawy, zero cukierk\u00f3w. No i&nbsp;najprawdopodobniej w\u0142a\u015bnie przez komunizm \u015bwiat w <a href=\"http:\/\/3obieg.pl\/wp-content\/uploads\/2015\/03\/uid90a042c2fbbef9158334.jpg\">czo\u0142\u00f3wce Dziennika Telewizyjnego <\/a>by\u0142 smutny i za kratami.<\/p>\n<p style=\"text-align: justify;\">Dlatego kiedy dosta\u0142y\u015bmy nast\u0119pny przydzia\u0142 kuku\u0142ek, kr\u00f3wek czy wyblak\u0142ych groszk\u00f3w, wysypa\u0142y\u015bmy go na st\u00f3\u0142, krzykn\u0119\u0142y\u015bmy: \u201ePrecz z komunizmem, teraz solidarno\u015b\u0107! Ka\u017cdy je, ile chce!\u201d, i rzuci\u0142y\u015bmy si\u0119 zagarnia\u0107 ka\u017cda jak najwi\u0119cej dla siebie.<br \/>\nSpodziewa\u0142y\u015bmy si\u0119 pochwa\u0142y i uznania (nawet si\u0119 rymowa\u0142o!), ale rodzice chyba si\u0119 obrazili. Powiedzieli, \u017ce solidarno\u015b\u0107 to co innego, ale kiedy zapyta\u0142y\u015bmy co, nie chcieli wyt\u0142umaczy\u0107.<br \/>\nNo a nam, starszej z moich m\u0142odszych si\u00f3str i mnie, ca\u0142a ta solidarno\u015b\u0107 zwyczajnie si\u0119 nie spodoba\u0142a. Za du\u017co nerw\u00f3w. I wydawa\u0142a si\u0119 po prostu niesprawiedliwa. Wr\u00f3ci\u0142y\u015bmy do komunizmu, ale na wszelki wypadek w tajemnicy.<\/p>\n<p style=\"text-align: justify;\"><a href=\"https:\/\/i0.wp.com\/karo.iwasz.pl\/blog\/wp-content\/uploads\/2015\/05\/zomowcy.jpg\"><img data-recalc-dims=\"1\" loading=\"lazy\" decoding=\"async\" class=\"alignnone size-full wp-image-7552\" src=\"https:\/\/i0.wp.com\/karo.iwasz.pl\/blog\/wp-content\/uploads\/2015\/05\/zomowcy.jpg?resize=740%2C441\" alt=\"zomowcy\" width=\"740\" height=\"441\" srcset=\"https:\/\/i0.wp.com\/karo.iwasz.pl\/blog\/wp-content\/uploads\/2015\/05\/zomowcy.jpg?w=1306&amp;ssl=1 1306w, https:\/\/i0.wp.com\/karo.iwasz.pl\/blog\/wp-content\/uploads\/2015\/05\/zomowcy.jpg?resize=300%2C179&amp;ssl=1 300w, https:\/\/i0.wp.com\/karo.iwasz.pl\/blog\/wp-content\/uploads\/2015\/05\/zomowcy.jpg?resize=1024%2C610&amp;ssl=1 1024w\" sizes=\"auto, (max-width: 740px) 100vw, 740px\" \/><\/a><\/p>\n<p style=\"text-align: justify;\">Il. Piotr Marianowicz, w: Pawe\u0142 Po\u017carski, B<em>ajka o Kr\u00f3lewnie \u015anie\u017cce i 10 mln krasnoludk\u00f3w<\/em>, Oficyna Wydawnicza RYTM, 1985.<\/p>\n","protected":false},"excerpt":{"rendered":"<p>W latach osiemdziesi\u0105tych starsza z moich m\u0142odszych si\u00f3str i ja by\u0142y\u015bmy ma\u0142e i jeszcze tylko dwie. Uk\u0142ada\u0142o nam si\u0119 rozmaicie, przewa\u017cnie nie najlepiej (przewa\u017cnie z mojej winy), ale s\u0142odycze dzieli\u0142y\u015bmy po r\u00f3wno. Czy dosta\u0142y\u015bmy od Doros\u0142ych kuku\u0142ki, czy kr\u00f3wki, czy wyblak\u0142e groszki \u2013 zawsze mozolnie rozk\u0142ada\u0142y\u015bmy je na dwie r\u00f3wne kupki. Kt\u00f3rego\u015b razu zobaczyli to [&hellip;]<\/p>\n","protected":false},"author":1,"featured_media":0,"comment_status":"open","ping_status":"open","sticky":false,"template":"","format":"standard","meta":{"jetpack_post_was_ever_published":false,"_jetpack_newsletter_access":"","_jetpack_dont_email_post_to_subs":true,"_jetpack_newsletter_tier_id":0,"_jetpack_memberships_contains_paywalled_content":false,"_jetpack_memberships_contains_paid_content":false,"footnotes":""},"categories":[4],"tags":[123,110,58],"class_list":["post-7551","post","type-post","status-publish","format-standard","hentry","category-wszystko-inne","tag-polityka","tag-rozmowy-dzieci-z-doroslymi","tag-trudne-slowa"],"jetpack_featured_media_url":"","jetpack_sharing_enabled":true,"_links":{"self":[{"href":"https:\/\/karo.iwasz.pl\/blog\/index.php?rest_route=\/wp\/v2\/posts\/7551","targetHints":{"allow":["GET"]}}],"collection":[{"href":"https:\/\/karo.iwasz.pl\/blog\/index.php?rest_route=\/wp\/v2\/posts"}],"about":[{"href":"https:\/\/karo.iwasz.pl\/blog\/index.php?rest_route=\/wp\/v2\/types\/post"}],"author":[{"embeddable":true,"href":"https:\/\/karo.iwasz.pl\/blog\/index.php?rest_route=\/wp\/v2\/users\/1"}],"replies":[{"embeddable":true,"href":"https:\/\/karo.iwasz.pl\/blog\/index.php?rest_route=%2Fwp%2Fv2%2Fcomments&post=7551"}],"version-history":[{"count":11,"href":"https:\/\/karo.iwasz.pl\/blog\/index.php?rest_route=\/wp\/v2\/posts\/7551\/revisions"}],"predecessor-version":[{"id":11225,"href":"https:\/\/karo.iwasz.pl\/blog\/index.php?rest_route=\/wp\/v2\/posts\/7551\/revisions\/11225"}],"wp:attachment":[{"href":"https:\/\/karo.iwasz.pl\/blog\/index.php?rest_route=%2Fwp%2Fv2%2Fmedia&parent=7551"}],"wp:term":[{"taxonomy":"category","embeddable":true,"href":"https:\/\/karo.iwasz.pl\/blog\/index.php?rest_route=%2Fwp%2Fv2%2Fcategories&post=7551"},{"taxonomy":"post_tag","embeddable":true,"href":"https:\/\/karo.iwasz.pl\/blog\/index.php?rest_route=%2Fwp%2Fv2%2Ftags&post=7551"}],"curies":[{"name":"wp","href":"https:\/\/api.w.org\/{rel}","templated":true}]}}