{"id":767,"date":"2010-05-16T21:30:26","date_gmt":"2010-05-16T20:30:26","guid":{"rendered":"http:\/\/karo.iwasz.pl\/blog\/?p=767"},"modified":"2011-05-07T20:20:00","modified_gmt":"2011-05-07T19:20:00","slug":"snily-ci-sie-dwa-ksiezyce-na-niebie","status":"publish","type":"post","link":"https:\/\/karo.iwasz.pl\/blog\/?p=767","title":{"rendered":"\u015bni\u0142y ci si\u0119 dwa ksi\u0119\u017cyce na niebie"},"content":{"rendered":"<p style=\"text-align: justify;\">Znalaz\u0142am kartk\u0119, na kt\u00f3rej w 2001 roku zanotowa\u0142am rozmow\u0119 ze swoim trzynastoletnim bratem. Wtedy mia\u0142 pi\u0119\u0107 lat.<\/p>\n<p style=\"text-align: justify;\">\u2013 Wiesz, \u015bni\u0142y mi si\u0119 kiedy\u015b dwa ksi\u0119\u017cyce&#8230; \u2013 powiedzia\u0142.<br \/>\n\u2013 Na niebie? \u2013 zapyta\u0142am.<br \/>\n\u2013 Tak, obok siebie. Ale jeden by\u0142 nieprawdziwy.<br \/>\n\u2013 Dlaczego?<br \/>\n\u2013\u00a0Bo by\u0142 odbity w wodzie.<br \/>\n\u2013 Ale by\u0142 na niebie, nie w wodzie?<br \/>\n\u2013 Na niebie.<br \/>\n\u2013 Fajny sen.<br \/>\n\u2013 \u015ani\u0142 ci si\u0119 kiedy\u015b?<br \/>\n\u2013 Nie.<br \/>\n\u2013 To ci si\u0119 przy\u015bni.<\/p>\n<p style=\"text-align: justify;\">Nast\u0119pnego dnia m\u00f3j brat zapyta\u0142:<br \/>\n\u2013 Co ci si\u0119 \u015bni\u0142o?<br \/>\n\u2013 Nie pami\u0119tam \u2013 odpowiedzia\u0142am.<br \/>\n\u2013 Ale ja pami\u0119tam.<br \/>\n\u2013 Co mi si\u0119 \u015bni\u0142o?<br \/>\n\u2013 \u015ani\u0142y ci si\u0119 dwa ksi\u0119\u017cyce na niebie. Jeden z nich by\u0142 odbity w wodzie.<\/p>\n","protected":false},"excerpt":{"rendered":"<p>Znalaz\u0142am kartk\u0119, na kt\u00f3rej w 2001 roku zanotowa\u0142am rozmow\u0119 ze swoim trzynastoletnim bratem. Wtedy mia\u0142 pi\u0119\u0107 lat. \u2013 Wiesz, \u015bni\u0142y mi si\u0119 kiedy\u015b dwa ksi\u0119\u017cyce&#8230; \u2013 powiedzia\u0142. \u2013 Na niebie? \u2013 zapyta\u0142am. \u2013 Tak, obok siebie. Ale jeden by\u0142 nieprawdziwy. \u2013 Dlaczego? \u2013\u00a0Bo by\u0142 odbity w wodzie. \u2013 Ale by\u0142 na niebie, nie w wodzie? [&hellip;]<\/p>\n","protected":false},"author":1,"featured_media":0,"comment_status":"open","ping_status":"open","sticky":false,"template":"","format":"standard","meta":{"jetpack_post_was_ever_published":false,"_jetpack_newsletter_access":"","_jetpack_dont_email_post_to_subs":false,"_jetpack_newsletter_tier_id":0,"_jetpack_memberships_contains_paywalled_content":false,"_jetpack_memberships_contains_paid_content":false,"footnotes":""},"categories":[4],"tags":[110],"class_list":["post-767","post","type-post","status-publish","format-standard","hentry","category-wszystko-inne","tag-rozmowy-dzieci-z-doroslymi"],"jetpack_featured_media_url":"","jetpack_sharing_enabled":true,"_links":{"self":[{"href":"https:\/\/karo.iwasz.pl\/blog\/index.php?rest_route=\/wp\/v2\/posts\/767","targetHints":{"allow":["GET"]}}],"collection":[{"href":"https:\/\/karo.iwasz.pl\/blog\/index.php?rest_route=\/wp\/v2\/posts"}],"about":[{"href":"https:\/\/karo.iwasz.pl\/blog\/index.php?rest_route=\/wp\/v2\/types\/post"}],"author":[{"embeddable":true,"href":"https:\/\/karo.iwasz.pl\/blog\/index.php?rest_route=\/wp\/v2\/users\/1"}],"replies":[{"embeddable":true,"href":"https:\/\/karo.iwasz.pl\/blog\/index.php?rest_route=%2Fwp%2Fv2%2Fcomments&post=767"}],"version-history":[{"count":11,"href":"https:\/\/karo.iwasz.pl\/blog\/index.php?rest_route=\/wp\/v2\/posts\/767\/revisions"}],"predecessor-version":[{"id":770,"href":"https:\/\/karo.iwasz.pl\/blog\/index.php?rest_route=\/wp\/v2\/posts\/767\/revisions\/770"}],"wp:attachment":[{"href":"https:\/\/karo.iwasz.pl\/blog\/index.php?rest_route=%2Fwp%2Fv2%2Fmedia&parent=767"}],"wp:term":[{"taxonomy":"category","embeddable":true,"href":"https:\/\/karo.iwasz.pl\/blog\/index.php?rest_route=%2Fwp%2Fv2%2Fcategories&post=767"},{"taxonomy":"post_tag","embeddable":true,"href":"https:\/\/karo.iwasz.pl\/blog\/index.php?rest_route=%2Fwp%2Fv2%2Ftags&post=767"}],"curies":[{"name":"wp","href":"https:\/\/api.w.org\/{rel}","templated":true}]}}