{"id":8214,"date":"2016-03-30T22:01:00","date_gmt":"2016-03-30T21:01:00","guid":{"rendered":"http:\/\/karo.iwasz.pl\/blog\/?p=8214"},"modified":"2024-09-04T19:59:35","modified_gmt":"2024-09-04T18:59:35","slug":"sw-zycie-poczete-d-plod","status":"publish","type":"post","link":"https:\/\/karo.iwasz.pl\/blog\/?p=8214","title":{"rendered":"\u015bw. \u017cycie pocz\u0119te (d. p\u0142\u00f3d)"},"content":{"rendered":"<p style=\"text-align: justify;\"><a href=\"https:\/\/i0.wp.com\/karo.iwasz.pl\/blog\/wp-content\/uploads\/2016\/03\/plod012.jpg\"><img data-recalc-dims=\"1\" loading=\"lazy\" decoding=\"async\" class=\"alignnone wp-image-8215\" src=\"https:\/\/i0.wp.com\/karo.iwasz.pl\/blog\/wp-content\/uploads\/2016\/03\/plod012.jpg?resize=740%2C643\" alt=\"plod012\" width=\"740\" height=\"643\" srcset=\"https:\/\/i0.wp.com\/karo.iwasz.pl\/blog\/wp-content\/uploads\/2016\/03\/plod012.jpg?w=2310&amp;ssl=1 2310w, https:\/\/i0.wp.com\/karo.iwasz.pl\/blog\/wp-content\/uploads\/2016\/03\/plod012.jpg?resize=300%2C261&amp;ssl=1 300w, https:\/\/i0.wp.com\/karo.iwasz.pl\/blog\/wp-content\/uploads\/2016\/03\/plod012.jpg?resize=768%2C667&amp;ssl=1 768w, https:\/\/i0.wp.com\/karo.iwasz.pl\/blog\/wp-content\/uploads\/2016\/03\/plod012.jpg?resize=1024%2C890&amp;ssl=1 1024w, https:\/\/i0.wp.com\/karo.iwasz.pl\/blog\/wp-content\/uploads\/2016\/03\/plod012.jpg?w=2000&amp;ssl=1 2000w\" sizes=\"auto, (max-width: 740px) 100vw, 740px\" \/><\/a><\/p>\n<p style=\"text-align: justify;\"><em>W niedziel\u0119 3 kwietnia wierni we wszystkich ko\u015bcio\u0142ach w Polsce us\u0142ysz\u0105, \u017ce Polska nie mo\u017ce poprzesta\u0107 na obecnym kompromisie aborcyjnym. Episkopat wyda\u0142 specjalny komunikat na Dzie\u0144 \u015awi\u0119to\u015bci \u017bycia. <\/em><em>\u201e\u017bycie ka\u017cdego cz\u0142owieka jest chronione pi\u0105tym przykazaniem Dekalogu: Nie zabijaj! Dlatego stanowisko katolik\u00f3w w tym wzgl\u0119dzie jest jasne i niezmienne: nale\u017cy chroni\u0107 od pocz\u0119cia do naturalnej \u015bmierci \u017cycie ka\u017cdego cz\u0142owieka \u2013 pisz\u0105 biskupi. \u2013 W kwestii ochrony \u017cycia nienarodzonych nie mo\u017cna poprzesta\u0107 na obecnym kompromisie wyra\u017conym w&nbsp;ustawie z 7 stycznia 1993 roku, kt\u00f3ra w trzech przypadkach dopuszcza aborcj\u0119\u201d <\/em>(\u017ar\u00f3d\u0142o <a href=\"http:\/\/wyborcza.pl\/1,75478,19837798,episkopat-nie-mozna-poprzestac-na-kompromisie-aborcyjnym.html\">tu<\/a>).<br \/>\nTroch\u0119 nie wiem, co powiedzie\u0107.<\/p>\n","protected":false},"excerpt":{"rendered":"<p>W niedziel\u0119 3 kwietnia wierni we wszystkich ko\u015bcio\u0142ach w Polsce us\u0142ysz\u0105, \u017ce Polska nie mo\u017ce poprzesta\u0107 na obecnym kompromisie aborcyjnym. Episkopat wyda\u0142 specjalny komunikat na Dzie\u0144 \u015awi\u0119to\u015bci \u017bycia. \u201e\u017bycie ka\u017cdego cz\u0142owieka jest chronione pi\u0105tym przykazaniem Dekalogu: Nie zabijaj! Dlatego stanowisko katolik\u00f3w w tym wzgl\u0119dzie jest jasne i niezmienne: nale\u017cy chroni\u0107 od pocz\u0119cia do naturalnej \u015bmierci [&hellip;]<\/p>\n","protected":false},"author":1,"featured_media":0,"comment_status":"open","ping_status":"open","sticky":false,"template":"","format":"standard","meta":{"jetpack_post_was_ever_published":false,"_jetpack_newsletter_access":"","_jetpack_dont_email_post_to_subs":true,"_jetpack_newsletter_tier_id":0,"_jetpack_memberships_contains_paywalled_content":false,"_jetpack_memberships_contains_paid_content":false,"footnotes":""},"categories":[97,159],"tags":[241,272,93,39],"class_list":["post-8214","post","type-post","status-publish","format-standard","hentry","category-rysunki","category-rysunki-ze-zlotkiem","tag-medycyna","tag-przemoc","tag-religia","tag-zlo"],"jetpack_featured_media_url":"","jetpack_sharing_enabled":true,"_links":{"self":[{"href":"https:\/\/karo.iwasz.pl\/blog\/index.php?rest_route=\/wp\/v2\/posts\/8214","targetHints":{"allow":["GET"]}}],"collection":[{"href":"https:\/\/karo.iwasz.pl\/blog\/index.php?rest_route=\/wp\/v2\/posts"}],"about":[{"href":"https:\/\/karo.iwasz.pl\/blog\/index.php?rest_route=\/wp\/v2\/types\/post"}],"author":[{"embeddable":true,"href":"https:\/\/karo.iwasz.pl\/blog\/index.php?rest_route=\/wp\/v2\/users\/1"}],"replies":[{"embeddable":true,"href":"https:\/\/karo.iwasz.pl\/blog\/index.php?rest_route=%2Fwp%2Fv2%2Fcomments&post=8214"}],"version-history":[{"count":17,"href":"https:\/\/karo.iwasz.pl\/blog\/index.php?rest_route=\/wp\/v2\/posts\/8214\/revisions"}],"predecessor-version":[{"id":11215,"href":"https:\/\/karo.iwasz.pl\/blog\/index.php?rest_route=\/wp\/v2\/posts\/8214\/revisions\/11215"}],"wp:attachment":[{"href":"https:\/\/karo.iwasz.pl\/blog\/index.php?rest_route=%2Fwp%2Fv2%2Fmedia&parent=8214"}],"wp:term":[{"taxonomy":"category","embeddable":true,"href":"https:\/\/karo.iwasz.pl\/blog\/index.php?rest_route=%2Fwp%2Fv2%2Fcategories&post=8214"},{"taxonomy":"post_tag","embeddable":true,"href":"https:\/\/karo.iwasz.pl\/blog\/index.php?rest_route=%2Fwp%2Fv2%2Ftags&post=8214"}],"curies":[{"name":"wp","href":"https:\/\/api.w.org\/{rel}","templated":true}]}}