{"id":8598,"date":"2016-08-10T17:10:54","date_gmt":"2016-08-10T16:10:54","guid":{"rendered":"http:\/\/karo.iwasz.pl\/blog\/?p=8598"},"modified":"2024-09-03T19:47:32","modified_gmt":"2024-09-03T18:47:32","slug":"pluszowy-pies-zaszczekal","status":"publish","type":"post","link":"https:\/\/karo.iwasz.pl\/blog\/?p=8598","title":{"rendered":"ocalony"},"content":{"rendered":"<p style=\"text-align: justify;\"><em>Jest w Richmond muzeum Holocaustu za\u0142o\u017cone przez ocalonego. Niewyobra\u017calnie dos\u0142owne! Ten pan ukrywa\u0142 si\u0119 w&nbsp;jamie wykopanej pod psi\u0105 bud\u0105 i w muzeum do tej jamy trzeba by\u0142o wej\u015b\u0107 przez tunel obok budy, i tam by\u0142 pluszowy pies. Rozumiem powag\u0119 miejsca, dramat tego cz\u0142owieka, ale kiedy schyli\u0142em si\u0119, \u017ceby wej\u015b\u0107 do tej dziury, pies, kt\u00f3ry mia\u0142 fotokom\u00f3rk\u0119, zaszczeka\u0142.<\/em><\/p>\n<p>[cyt. za <em><a href=\"http:\/\/wyborcza.pl\/magazyn\/1,124059,20505725,woje-wykleci-spod-smolenska-jak-uporac-sie-z-pamiecia-narodowa.html?disableRedirects=true\">Woje wykl\u0119ci spod Smole\u0144ska<\/a><\/em>, Katarzyna W\u0119\u017cyk, Marcin Napi\u00f3rkowski]<\/p>\n","protected":false},"excerpt":{"rendered":"<p>Jest w Richmond muzeum Holocaustu za\u0142o\u017cone przez ocalonego. Niewyobra\u017calnie dos\u0142owne! Ten pan ukrywa\u0142 si\u0119 w&nbsp;jamie wykopanej pod psi\u0105 bud\u0105 i w muzeum do tej jamy trzeba by\u0142o wej\u015b\u0107 przez tunel obok budy, i tam by\u0142 pluszowy pies. Rozumiem powag\u0119 miejsca, dramat tego cz\u0142owieka, ale kiedy schyli\u0142em si\u0119, \u017ceby wej\u015b\u0107 do tej dziury, pies, kt\u00f3ry mia\u0142 [&hellip;]<\/p>\n","protected":false},"author":1,"featured_media":0,"comment_status":"open","ping_status":"open","sticky":false,"template":"","format":"standard","meta":{"jetpack_post_was_ever_published":false,"_jetpack_newsletter_access":"","_jetpack_dont_email_post_to_subs":true,"_jetpack_newsletter_tier_id":0,"_jetpack_memberships_contains_paywalled_content":false,"_jetpack_memberships_contains_paid_content":false,"footnotes":""},"categories":[4],"tags":[135,272,12,72,39],"class_list":["post-8598","post","type-post","status-publish","format-standard","hentry","category-wszystko-inne","tag-cierpienie","tag-przemoc","tag-smierc","tag-smutek","tag-zlo"],"jetpack_featured_media_url":"","jetpack_sharing_enabled":true,"_links":{"self":[{"href":"https:\/\/karo.iwasz.pl\/blog\/index.php?rest_route=\/wp\/v2\/posts\/8598","targetHints":{"allow":["GET"]}}],"collection":[{"href":"https:\/\/karo.iwasz.pl\/blog\/index.php?rest_route=\/wp\/v2\/posts"}],"about":[{"href":"https:\/\/karo.iwasz.pl\/blog\/index.php?rest_route=\/wp\/v2\/types\/post"}],"author":[{"embeddable":true,"href":"https:\/\/karo.iwasz.pl\/blog\/index.php?rest_route=\/wp\/v2\/users\/1"}],"replies":[{"embeddable":true,"href":"https:\/\/karo.iwasz.pl\/blog\/index.php?rest_route=%2Fwp%2Fv2%2Fcomments&post=8598"}],"version-history":[{"count":10,"href":"https:\/\/karo.iwasz.pl\/blog\/index.php?rest_route=\/wp\/v2\/posts\/8598\/revisions"}],"predecessor-version":[{"id":11158,"href":"https:\/\/karo.iwasz.pl\/blog\/index.php?rest_route=\/wp\/v2\/posts\/8598\/revisions\/11158"}],"wp:attachment":[{"href":"https:\/\/karo.iwasz.pl\/blog\/index.php?rest_route=%2Fwp%2Fv2%2Fmedia&parent=8598"}],"wp:term":[{"taxonomy":"category","embeddable":true,"href":"https:\/\/karo.iwasz.pl\/blog\/index.php?rest_route=%2Fwp%2Fv2%2Fcategories&post=8598"},{"taxonomy":"post_tag","embeddable":true,"href":"https:\/\/karo.iwasz.pl\/blog\/index.php?rest_route=%2Fwp%2Fv2%2Ftags&post=8598"}],"curies":[{"name":"wp","href":"https:\/\/api.w.org\/{rel}","templated":true}]}}